{"id":2520,"date":"2026-02-19T11:07:19","date_gmt":"2026-02-19T10:07:19","guid":{"rendered":"https:\/\/www.malagatransfer.co.uk\/es\/blog\/?p=2520"},"modified":"2026-02-19T11:08:10","modified_gmt":"2026-02-19T10:08:10","slug":"semana-santa-malaga","status":"publish","type":"post","link":"https:\/\/www.malagatransfer.co.uk\/es\/blog\/semana-santa-malaga\/","title":{"rendered":"Semana Santa en M\u00e1laga 2026"},"content":{"rendered":"<p>\u00bfEst\u00e1s pensando en venir a M\u00e1laga esta Semana Santa? \u00a1Pues est\u00e1 a la vuelta de la esquina!<\/p>\n<p>Este a\u00f1o, en comparaci\u00f3n con el a\u00f1o pasado, tenemos que esperar 3 semanas menos para nuestras ansiadas vacaciones de primaverales en la soleada Costa del Sol: Este a\u00f1o, la Semana Santa en M\u00e1laga tiene lugar del domingo, 29 de marzo al domingo, 5 de abril.<\/p>\n<h2><!--more--><br \/>\nInicio de la temporada en la Costa del Sol<\/h2>\n<p>La temporada alta referente a <a href=\"https:\/\/www.malagatransfer.co.uk\/es\/aeropuerto-de-malaga\/\"><strong>vuelos a M\u00e1laga<\/strong><\/a> suele comenzar a finales de marzo. Y, sin lugar a duda, es Semana Santa cuando arranca la temporada en la Costa del Sol.<\/p>\n<p>Pr\u00e1cticamente la totalidad de nuestros visitantes viven en climas mucho m\u00e1s fr\u00edos y desean escapar de temperaturas a\u00fan frescas y recargar las pilas despu\u00e9s de un largo invierno al siempre c\u00e1lido sol de M\u00e1laga.<\/p>\n<h3>El Tiempo en M\u00e1laga en Semana Santa<\/h3>\n<p>Con muy alta probabilidad te esperan d\u00edas soleados mezclados con alguna inestabilidad t\u00edpica en estas fechas. Casi siempre suele haber alg\u00fan que otro chubasco ligero, pero con temperaturas ya sumamente suaves que ya rondan por encima de los 20 grados.<\/p>\n<p>De hecho, al escribir este articulo a finales de febrero, en M\u00e1laga ya esperamos el primer episodio de <em>Terral<\/em>. Es un viento muy seco y c\u00e1lido que nos traer\u00e1 durante estos d\u00edas temperaturas de 24 grados.<\/p>\n<h3>\u00bfQu\u00e9 me llevo en la maleta?<\/h3>\n<p>Tu maleta para Semana Santa en M\u00e1laga llevar\u00e1 un poco de todo: Zapatos ligeros para andar, sandalias y ba\u00f1ador si quieres inaugurar la playa. Referente a ropa, puedes llevar un pantal\u00f3n largo y otro corto, camisa de manga larga y camisa de manga corta. Y un chubasquero ligero nunca viene mal, por si hace viento o cae algo de lluvia.<\/p>\n<p>Y recuerda que el sol de M\u00e1laga es muy fuerte durante todo el a\u00f1o. Te recomendamos protecci\u00f3n solar, que puedes comprar in situ.<\/p>\n<h2>Cosas que hacer en Semana Santa en M\u00e1laga<\/h2>\n<p>Aqu\u00ed tienes algunas ideas de lo que puede hacer en Semana Santa en M\u00e1laga. Estas fechas en la Costa del Sol ya son ideales para realizar una gran variedad de actividades al aire libre:<\/p>\n<ul>\n<li>Descubre rincones con encanto, t\u00f3mate la primera cerveza en un chiringuito para inaugurar la temporada. O m\u00f3jate los pies, toma el sol o incluso date ya un ba\u00f1o (fr\u00edo).<\/li>\n<\/ul>\n<figure id=\"attachment_2534\" aria-describedby=\"caption-attachment-2534\" style=\"width: 1000px\" class=\"wp-caption aligncenter\"><img loading=\"lazy\" decoding=\"async\" class=\"size-full wp-image-2534\" src=\"https:\/\/www.malagatransfer.co.uk\/es\/blog\/wp-content\/uploads\/2025\/03\/Playa-D.jpg\" alt=\"Playa M\u00e1laga\" width=\"1000\" height=\"639\" srcset=\"https:\/\/www.malagatransfer.co.uk\/es\/blog\/wp-content\/uploads\/2025\/03\/Playa-D.jpg 1000w, https:\/\/www.malagatransfer.co.uk\/es\/blog\/wp-content\/uploads\/2025\/03\/Playa-D-300x192.jpg 300w, https:\/\/www.malagatransfer.co.uk\/es\/blog\/wp-content\/uploads\/2025\/03\/Playa-D-768x491.jpg 768w\" sizes=\"auto, (max-width: 1000px) 100vw, 1000px\" \/><figcaption id=\"caption-attachment-2534\" class=\"wp-caption-text\">\u00bfListos para inaugurar la temporada? Credit Depositphotos<\/figcaption><\/figure>\n<ul>\n<li>Y por \u00faltimo, todo lo que necesitas saber sobre la gran fecha en el calendario, la Semana Santa de M\u00e1laga, una de las m\u00e1s importantes de Espa\u00f1a.<\/li>\n<\/ul>\n<h3>Primavera en la ciudad<\/h3>\n<figure id=\"attachment_2525\" aria-describedby=\"caption-attachment-2525\" style=\"width: 1000px\" class=\"wp-caption aligncenter\"><img loading=\"lazy\" decoding=\"async\" class=\"size-full wp-image-2525\" src=\"https:\/\/www.malagatransfer.co.uk\/es\/blog\/wp-content\/uploads\/2025\/03\/spring-city-D.jpg\" alt=\"M\u00e1laga\" width=\"1000\" height=\"669\" srcset=\"https:\/\/www.malagatransfer.co.uk\/es\/blog\/wp-content\/uploads\/2025\/03\/spring-city-D.jpg 1000w, https:\/\/www.malagatransfer.co.uk\/es\/blog\/wp-content\/uploads\/2025\/03\/spring-city-D-300x201.jpg 300w, https:\/\/www.malagatransfer.co.uk\/es\/blog\/wp-content\/uploads\/2025\/03\/spring-city-D-768x514.jpg 768w\" sizes=\"auto, (max-width: 1000px) 100vw, 1000px\" \/><figcaption id=\"caption-attachment-2525\" class=\"wp-caption-text\">M\u00e1laga en primavera es una delicia. Credit Depositphotos<\/figcaption><\/figure>\n<p>Si eres urbanita, te va a encantar la <a href=\"https:\/\/www.malagatransfer.co.uk\/es\/blog\/8-visitas-imprescindibles-malaga-centro\/\">ciudad de M\u00e1laga<\/a> en primavera. Es un placer pasear por sus calles y plazas y descubrir rincones encantadores.<\/p>\n<p>Por si no lo sab\u00edas, M\u00e1laga es la ciudad espa\u00f1ola con m\u00e1s museos en su casco antiguo. Tambi\u00e9n el precioso puerto est\u00e1 a escasos metros del centro.<\/p>\n<figure id=\"attachment_2533\" aria-describedby=\"caption-attachment-2533\" style=\"width: 1001px\" class=\"wp-caption aligncenter\"><img loading=\"lazy\" decoding=\"async\" class=\"size-full wp-image-2533\" src=\"https:\/\/www.malagatransfer.co.uk\/es\/blog\/wp-content\/uploads\/2025\/03\/cartel4.jpg\" alt=\"M\u00e1laga\" width=\"1001\" height=\"667\" srcset=\"https:\/\/www.malagatransfer.co.uk\/es\/blog\/wp-content\/uploads\/2025\/03\/cartel4.jpg 1001w, https:\/\/www.malagatransfer.co.uk\/es\/blog\/wp-content\/uploads\/2025\/03\/cartel4-300x200.jpg 300w, https:\/\/www.malagatransfer.co.uk\/es\/blog\/wp-content\/uploads\/2025\/03\/cartel4-768x512.jpg 768w\" sizes=\"auto, (max-width: 1001px) 100vw, 1001px\" \/><figcaption id=\"caption-attachment-2533\" class=\"wp-caption-text\">Disfruta de vistas panor\u00e1micas de la ciudad desde el Gibralfaro. Credit Depositphotos<\/figcaption><\/figure>\n<p>No obstante, dicho sea de paso: Si vienes a M\u00e1laga justo durante la Semana Santa, prep\u00e1rate para un muy elevado n\u00famero de visitantes a todas horas de d\u00eda y noche, debido a las populares procesiones.<\/p>\n<h3>Campi\u00f1a y senderismo<\/h3>\n<figure id=\"attachment_2526\" aria-describedby=\"caption-attachment-2526\" style=\"width: 1000px\" class=\"wp-caption aligncenter\"><img loading=\"lazy\" decoding=\"async\" class=\"size-full wp-image-2526\" src=\"https:\/\/www.malagatransfer.co.uk\/es\/blog\/wp-content\/uploads\/2025\/03\/countryside-D.jpg\" alt=\"Malaga interior\" width=\"1000\" height=\"707\" srcset=\"https:\/\/www.malagatransfer.co.uk\/es\/blog\/wp-content\/uploads\/2025\/03\/countryside-D.jpg 1000w, https:\/\/www.malagatransfer.co.uk\/es\/blog\/wp-content\/uploads\/2025\/03\/countryside-D-300x212.jpg 300w, https:\/\/www.malagatransfer.co.uk\/es\/blog\/wp-content\/uploads\/2025\/03\/countryside-D-768x543.jpg 768w\" sizes=\"auto, (max-width: 1000px) 100vw, 1000px\" \/><figcaption id=\"caption-attachment-2526\" class=\"wp-caption-text\">Despu\u00e9s de un invierno con abundante lluvia, el campo est\u00e1 precioso. Credit Depositphotos<\/figcaption><\/figure>\n<p>A solo pocos kil\u00f3metros de la bulliciosa Costa del Sol, edificaciones y tr\u00e1fico encontramos un escenario muy diferente. Y m\u00e1s ahora, despu\u00e9s de un invierno con abundante lluvia, el campo est\u00e1 precioso.<\/p>\n<p>Puedes coger tu coche de alquiler y simplemente dejarte llevar por una carretera secundario hacia el interior de la provincia. Hay un gran n\u00famero de rutas de senderismo donde disfrutar de magn\u00edficas vistas.<\/p>\n<h3>Embalses del Guadalhorce y El Chorro<\/h3>\n<figure id=\"attachment_2527\" aria-describedby=\"caption-attachment-2527\" style=\"width: 1000px\" class=\"wp-caption aligncenter\"><img loading=\"lazy\" decoding=\"async\" class=\"size-full wp-image-2527\" src=\"https:\/\/www.malagatransfer.co.uk\/es\/blog\/wp-content\/uploads\/2025\/03\/El-Chorro-D.jpg\" alt=\"El Chorro\" width=\"1000\" height=\"667\" srcset=\"https:\/\/www.malagatransfer.co.uk\/es\/blog\/wp-content\/uploads\/2025\/03\/El-Chorro-D.jpg 1000w, https:\/\/www.malagatransfer.co.uk\/es\/blog\/wp-content\/uploads\/2025\/03\/El-Chorro-D-300x200.jpg 300w, https:\/\/www.malagatransfer.co.uk\/es\/blog\/wp-content\/uploads\/2025\/03\/El-Chorro-D-768x512.jpg 768w\" sizes=\"auto, (max-width: 1000px) 100vw, 1000px\" \/><figcaption id=\"caption-attachment-2527\" class=\"wp-caption-text\">El Chorro. Credit Depositphotos<\/figcaption><\/figure>\n<p>Uno de los sitios muy populares es el \u00e1rea de los Embalses del Guadalhorce y El Chorro.<\/p>\n<p>All\u00ed se ubica tambi\u00e9n el famoso <strong>Caminito del Rey<\/strong>. Hay muchas rutas de senderismo se\u00f1alizadas, tanto alrededor del embalse como en el \u00e1rea. Tampoco faltan algunas Ventas donde reponer fuerzas despu\u00e9s con exquisita gastronom\u00eda local.<\/p>\n<figure id=\"attachment_2528\" aria-describedby=\"caption-attachment-2528\" style=\"width: 1000px\" class=\"wp-caption aligncenter\"><img loading=\"lazy\" decoding=\"async\" class=\"size-full wp-image-2528\" src=\"https:\/\/www.malagatransfer.co.uk\/es\/blog\/wp-content\/uploads\/2025\/03\/Guadalhorce-D.jpg\" alt=\"Embalse del Guadalhorce\" width=\"1000\" height=\"667\" srcset=\"https:\/\/www.malagatransfer.co.uk\/es\/blog\/wp-content\/uploads\/2025\/03\/Guadalhorce-D.jpg 1000w, https:\/\/www.malagatransfer.co.uk\/es\/blog\/wp-content\/uploads\/2025\/03\/Guadalhorce-D-300x200.jpg 300w, https:\/\/www.malagatransfer.co.uk\/es\/blog\/wp-content\/uploads\/2025\/03\/Guadalhorce-D-768x512.jpg 768w\" sizes=\"auto, (max-width: 1000px) 100vw, 1000px\" \/><figcaption id=\"caption-attachment-2528\" class=\"wp-caption-text\">Embalse del Guadalhorce. Credit Depositphotos<\/figcaption><\/figure>\n<h3>Ronda<\/h3>\n<figure id=\"attachment_2529\" aria-describedby=\"caption-attachment-2529\" style=\"width: 1000px\" class=\"wp-caption aligncenter\"><img loading=\"lazy\" decoding=\"async\" class=\"size-full wp-image-2529\" src=\"https:\/\/www.malagatransfer.co.uk\/es\/blog\/wp-content\/uploads\/2025\/03\/Ronda-D.jpg\" alt=\"Ronda\" width=\"1000\" height=\"667\" srcset=\"https:\/\/www.malagatransfer.co.uk\/es\/blog\/wp-content\/uploads\/2025\/03\/Ronda-D.jpg 1000w, https:\/\/www.malagatransfer.co.uk\/es\/blog\/wp-content\/uploads\/2025\/03\/Ronda-D-300x200.jpg 300w, https:\/\/www.malagatransfer.co.uk\/es\/blog\/wp-content\/uploads\/2025\/03\/Ronda-D-768x512.jpg 768w\" sizes=\"auto, (max-width: 1000px) 100vw, 1000px\" \/><figcaption id=\"caption-attachment-2529\" class=\"wp-caption-text\">Espectaculares vistas te esperan en Ronda. Credit Depositphotos<\/figcaption><\/figure>\n<p><a href=\"https:\/\/www.malagatransfer.co.uk\/es\/blog\/5-visitas-imprescindibles-en-ronda\/\">Ronda<\/a> es una de las ciudades m\u00e1s bonitas de M\u00e1laga, con su Puente Nuevo que se erige casi 100 metros sobre el Tajo.<\/p>\n<p>Por esta ciudad milenaria ha pasado un crisol que culturas que han dejado su huella arquitect\u00f3nica e hist\u00f3rica. Hay mucho que descubrir en un paseo agradable por su casco hist\u00f3rico. Y disfruta de las espectaculares vistas desde sus miradores.<\/p>\n<p>Situada en la Serran\u00eda hom\u00f3nima, la mejor \u00e9poca para visitar Ronda es en primavera o en oto\u00f1o cuando paisaje se ti\u00f1e de colores.<\/p>\n<h3>Estepona<\/h3>\n<figure id=\"attachment_2530\" aria-describedby=\"caption-attachment-2530\" style=\"width: 1000px\" class=\"wp-caption aligncenter\"><img loading=\"lazy\" decoding=\"async\" class=\"size-full wp-image-2530\" src=\"https:\/\/www.malagatransfer.co.uk\/es\/blog\/wp-content\/uploads\/2025\/03\/Estepona-D.jpg\" alt=\"Estepona\" width=\"1000\" height=\"607\" srcset=\"https:\/\/www.malagatransfer.co.uk\/es\/blog\/wp-content\/uploads\/2025\/03\/Estepona-D.jpg 1000w, https:\/\/www.malagatransfer.co.uk\/es\/blog\/wp-content\/uploads\/2025\/03\/Estepona-D-300x182.jpg 300w, https:\/\/www.malagatransfer.co.uk\/es\/blog\/wp-content\/uploads\/2025\/03\/Estepona-D-768x466.jpg 768w\" sizes=\"auto, (max-width: 1000px) 100vw, 1000px\" \/><figcaption id=\"caption-attachment-2530\" class=\"wp-caption-text\">Estepona, el \u201cJard\u00edn de la Costa del Sol\u201d. Credit Depositphotos<\/figcaption><\/figure>\n<p>Situado en la Costa del Sol m\u00e1s occidental, <a href=\"https:\/\/www.malagatransfer.co.uk\/es\/blog\/5-visitas-imprescindibles-estepona\/\">Estepona<\/a> es un secreto a voces entre el turismo de alta gama que prefiere pasar desapercibido. El municipio cuenta con una nutrida oferta hotelera de cinco estrellas y excelentes campos de golf.<\/p>\n<p>Y en recientes a\u00f1os se ha hecho un nombre propio cono \u201cJard\u00edn de la Costa del Sol\u201d. Se han decorado con esmero las calles y plazas del centro hist\u00f3rico con cientos de jardineras. Hoy en d\u00eda es un aut\u00e9ntico placer disfrutar de un paseo por estos rincones, tomar algo en su c\u00e9ntrica Plaza y observar como la vida discurre.<\/p>\n<h3>Mijas Pueblo<\/h3>\n<figure id=\"attachment_2531\" aria-describedby=\"caption-attachment-2531\" style=\"width: 1000px\" class=\"wp-caption aligncenter\"><img loading=\"lazy\" decoding=\"async\" class=\"size-full wp-image-2531\" src=\"https:\/\/www.malagatransfer.co.uk\/es\/blog\/wp-content\/uploads\/2025\/03\/Mijas-Pueblo-D.jpg\" alt=\"Mijas Pueblo\" width=\"1000\" height=\"668\" srcset=\"https:\/\/www.malagatransfer.co.uk\/es\/blog\/wp-content\/uploads\/2025\/03\/Mijas-Pueblo-D.jpg 1000w, https:\/\/www.malagatransfer.co.uk\/es\/blog\/wp-content\/uploads\/2025\/03\/Mijas-Pueblo-D-300x200.jpg 300w, https:\/\/www.malagatransfer.co.uk\/es\/blog\/wp-content\/uploads\/2025\/03\/Mijas-Pueblo-D-768x513.jpg 768w\" sizes=\"auto, (max-width: 1000px) 100vw, 1000px\" \/><figcaption id=\"caption-attachment-2531\" class=\"wp-caption-text\">Mijas Pueblo est\u00e1 a solo 7 km de Fuengirola. Credit Depositphotos<\/figcaption><\/figure>\n<p><a href=\"https:\/\/www.malagatransfer.co.uk\/es\/blog\/8-visitas-imprescindibles-en-mijas-pueblo\/\">Mijas Pueblo<\/a> es uno de los pueblos blancos m\u00e1s conocidos y tur\u00edsticos.<\/p>\n<p>Esto se debe por un lado a su encanto especial. Y por otro a su cercan\u00eda de la costa, concretamente de Fuengirola. A solo 7 km de este municipio se alza Mijas Pueblo a 400 metros sobre el nivel del mar como un balc\u00f3n natural sobre la costa.<\/p>\n<p>Puedes aparcar c\u00f3modamente a la entrada de pueblo y descubrirlo andando. Es una bonita excursi\u00f3n en pocas horas y a poca distancia.<\/p>\n<h2>Procesiones de Semana Santa en M\u00e1laga 2026<\/h2>\n<figure id=\"attachment_2536\" aria-describedby=\"caption-attachment-2536\" style=\"width: 1000px\" class=\"wp-caption aligncenter\"><img loading=\"lazy\" decoding=\"async\" class=\"size-full wp-image-2536\" src=\"https:\/\/www.malagatransfer.co.uk\/es\/blog\/wp-content\/uploads\/2025\/03\/cartel1.jpg\" alt=\"Semana Santa en M\u00e1laga\" width=\"1000\" height=\"667\" srcset=\"https:\/\/www.malagatransfer.co.uk\/es\/blog\/wp-content\/uploads\/2025\/03\/cartel1.jpg 1000w, https:\/\/www.malagatransfer.co.uk\/es\/blog\/wp-content\/uploads\/2025\/03\/cartel1-300x200.jpg 300w, https:\/\/www.malagatransfer.co.uk\/es\/blog\/wp-content\/uploads\/2025\/03\/cartel1-768x512.jpg 768w\" sizes=\"auto, (max-width: 1000px) 100vw, 1000px\" \/><figcaption id=\"caption-attachment-2536\" class=\"wp-caption-text\">Semana Santa en M\u00e1laga. Credit Depositphotos<\/figcaption><\/figure>\n<p>Como mencionamos, la Semana Santa de M\u00e1laga es una de las m\u00e1s importantes de Espa\u00f1a.<\/p>\n<p>Por lo tanto, atrae cada a\u00f1o un gran n\u00famero de fieles a lo largo de estos d\u00edas que siguen con fervor a las procesiones.<\/p>\n<figure id=\"attachment_2537\" aria-describedby=\"caption-attachment-2537\" style=\"width: 1000px\" class=\"wp-caption aligncenter\"><img loading=\"lazy\" decoding=\"async\" class=\"size-full wp-image-2537\" src=\"https:\/\/www.malagatransfer.co.uk\/es\/blog\/wp-content\/uploads\/2025\/03\/Tronos-D.jpg\" alt=\"Tronos M\u00e1laga\" width=\"1000\" height=\"667\" srcset=\"https:\/\/www.malagatransfer.co.uk\/es\/blog\/wp-content\/uploads\/2025\/03\/Tronos-D.jpg 1000w, https:\/\/www.malagatransfer.co.uk\/es\/blog\/wp-content\/uploads\/2025\/03\/Tronos-D-300x200.jpg 300w, https:\/\/www.malagatransfer.co.uk\/es\/blog\/wp-content\/uploads\/2025\/03\/Tronos-D-768x512.jpg 768w\" sizes=\"auto, (max-width: 1000px) 100vw, 1000px\" \/><figcaption id=\"caption-attachment-2537\" class=\"wp-caption-text\">Algunos tronos pesan m\u00e1s de 5 toneladas y tienen m\u00e1s de 200 portadores. Credit Depositphotos<\/figcaption><\/figure>\n<p>Como dato, solo en M\u00e1laga a lo largo de esta semana tienen lugar 45 procesiones. La primera de Domingo de Ramos y la \u00faltima de Domingo de Resurrecci\u00f3n comienzan por la ma\u00f1ana. Las dem\u00e1s tienen la peculiaridad de tener lugar por la tarde y noche.<\/p>\n<p>Entre cientos de portadores que llevan los tronos que pesan toneladas, el aroma a incienso, la m\u00fasica solemne, alg\u00fan que otro canto devoto desde un balc\u00f3n y las velas, te puedes imaginar la gran emotividad que crea tal escenario.<\/p>\n<figure id=\"attachment_2538\" aria-describedby=\"caption-attachment-2538\" style=\"width: 1000px\" class=\"wp-caption aligncenter\"><img loading=\"lazy\" decoding=\"async\" class=\"wp-image-2538 size-full\" src=\"https:\/\/www.malagatransfer.co.uk\/es\/blog\/wp-content\/uploads\/2025\/03\/SS-D.jpg\" alt=\"Semana Santa M\u00e1laga\" width=\"1000\" height=\"667\" srcset=\"https:\/\/www.malagatransfer.co.uk\/es\/blog\/wp-content\/uploads\/2025\/03\/SS-D.jpg 1000w, https:\/\/www.malagatransfer.co.uk\/es\/blog\/wp-content\/uploads\/2025\/03\/SS-D-300x200.jpg 300w, https:\/\/www.malagatransfer.co.uk\/es\/blog\/wp-content\/uploads\/2025\/03\/SS-D-768x512.jpg 768w\" sizes=\"auto, (max-width: 1000px) 100vw, 1000px\" \/><figcaption id=\"caption-attachment-2538\" class=\"wp-caption-text\">Atmosfera especial con velas y luna llena durante las procesiones que duran hasta altas horas de la noche. Credit Depositphotos<\/figcaption><\/figure>\n<p>Y todo iluminado por la luna llena. Por si no lo sab\u00edas, la Semana Santa siempre tiene lugar durante luna llena: El Domingo de Resurrecci\u00f3n se celebra siempre el domingo despu\u00e9s de la primera luna llena siguiente al equinoccio de primavera (21 de marzo).<\/p>\n<h3>Las Procesiones m\u00e1s destacadas<\/h3>\n<p>Este video es un muy buen ejemplo de la atmosfera llena de emotividad y fervor religioso de los Malague\u00f1os que te espera durante las procesiones. Es algo que hay que ver y sentir al menos una vez en la vida aunque no seas creyente.<\/p>\n<p><iframe loading=\"lazy\" title=\"YouTube video player\" src=\"https:\/\/www.youtube.com\/embed\/N-EzhFOI5XU\" width=\"1280\" height=\"545\" frameborder=\"0\" allowfullscreen=\"allowfullscreen\"><\/iframe><\/p>\n<ul>\n<li><strong>La Pollinica<\/strong>: Esta procesi\u00f3n marca tradicionalmente el inicio de la Semana Santa el <strong>Domingo de Ramos<\/strong>. Es conocida como la \u00abcofrad\u00eda de los ni\u00f1os\u00bb por la gran cantidad de ellos que participan vestidos de hebreos y portando palmas. Destaca por ser una procesi\u00f3n familiar, alegre y soleada.<\/li>\n<\/ul>\n<ul>\n<li><strong>Cristo de los Gitanos<\/strong>: Celebrada el <strong>Lunes Santo<\/strong>, es una de las procesiones m\u00e1s populares y queridas por los malague\u00f1os, destacando por su ambiente andaluz, cante, palmas y toques de guitarra.<\/li>\n<\/ul>\n<ul>\n<li><strong>El Cautivo<\/strong>: Tiene lugar el <strong>Lunes Santo<\/strong>. Es uno de los hitos principales de la Semana Santa malague\u00f1a, con m\u00e1s de 30.000 fieles acompa\u00f1ando la imagen religiosa en su recorrido.<\/li>\n<\/ul>\n<ul>\n<li><strong>La Sentencia<\/strong>: Tiene lugar tradicionalmente el <strong>Martes Santo<\/strong>. Destaca por su solemnidad, la devoci\u00f3n popular y la monumentalidad de sus tronos. Para hacerte una idea del enorme peso de los tronos: Requieren unos 250 hombres de trono para levantarlos.<\/li>\n<\/ul>\n<ul>\n<li><strong>El Rico<\/strong>: Celebrada el <strong>Mi\u00e9rcoles Santo<\/strong>. Es una de las procesiones m\u00e1s emblem\u00e1ticas de la Semana Santa malague\u00f1a, destacando por la tradicional liberaci\u00f3n de un preso en la Plaza del Obispo.<\/li>\n<\/ul>\n<ul>\n<li><strong>Los Legionarios<\/strong>: Por la ma\u00f1ana del <strong>Jueves Santo<\/strong>. Destaca por la participaci\u00f3n militar de la Legi\u00f3n, desembarcando a las 10 h en el puerto de M\u00e1laga.<\/li>\n<\/ul>\n<ul>\n<li><strong>Servitas<\/strong>: La \u00faltima procesi\u00f3n de <strong>Viernes Santo<\/strong>. Salida a las 22:15h. Destaca por procesionar una sola figura de Mar\u00eda vestida de luto. La imagen es llevada en silencio, acompa\u00f1ada por un solo tambor y las luces de la calle se apagan a su paso, siendo iluminada la figura solo por velas.<\/li>\n<\/ul>\n<h3>Recorrido oficial 2026<\/h3>\n<p>Cada una de las cofrad\u00edas sale con sus respectivos tronos de su iglesia.\u00a0 No obstante, todos comparten un recorrido oficial por el centro de M\u00e1laga.<\/p>\n<p>Estos puntos clave son la Plaza de la Constituci\u00f3n, calle Larios, calle Atarazanas, Alameda Principal y la Catedral de M\u00e1laga.<\/p>\n<ul>\n<li>En este enlace encuentras todos los <strong><a href=\"https:\/\/agrupaciondecofradias.com\/wp-content\/uploads\/2026\/02\/Horarios_ACC_SS_2026.pdf\">horarios y recorridos de la Semana Santa M\u00e1laga 2026<\/a><\/strong>.<\/li>\n<\/ul>\n<p><img loading=\"lazy\" decoding=\"async\" class=\"aligncenter size-full wp-image-2539\" src=\"https:\/\/www.malagatransfer.co.uk\/es\/blog\/wp-content\/uploads\/2025\/03\/recorrido-oficial-malagatransfer.jpg\" alt=\"Recorrido Semana Santa M\u00e1laga\" width=\"1000\" height=\"690\" srcset=\"https:\/\/www.malagatransfer.co.uk\/es\/blog\/wp-content\/uploads\/2025\/03\/recorrido-oficial-malagatransfer.jpg 1000w, https:\/\/www.malagatransfer.co.uk\/es\/blog\/wp-content\/uploads\/2025\/03\/recorrido-oficial-malagatransfer-300x207.jpg 300w, https:\/\/www.malagatransfer.co.uk\/es\/blog\/wp-content\/uploads\/2025\/03\/recorrido-oficial-malagatransfer-768x530.jpg 768w\" sizes=\"auto, (max-width: 1000px) 100vw, 1000px\" \/><\/p>\n<h3>App para la Semana Santa de M\u00e1laga 2026<\/h3>\n<p><img loading=\"lazy\" decoding=\"async\" class=\"size-full wp-image-2719 alignnone\" src=\"https:\/\/www.malagatransfer.co.uk\/es\/blog\/wp-content\/uploads\/2025\/03\/cartel.jpg\" alt=\"semana santa m\u00e1laga 2026\" width=\"455\" height=\"817\" srcset=\"https:\/\/www.malagatransfer.co.uk\/es\/blog\/wp-content\/uploads\/2025\/03\/cartel.jpg 455w, https:\/\/www.malagatransfer.co.uk\/es\/blog\/wp-content\/uploads\/2025\/03\/cartel-167x300.jpg 167w\" sizes=\"auto, (max-width: 455px) 100vw, 455px\" \/><\/p>\n<p>Puedes descargarte la <strong>App Ser Cofrade<\/strong> que dispone de geolocalizaci\u00f3n de todas las cofrad\u00edas. Puedes seguir su itinerario en cada momento y calcular la distancia que te separa de cada procesi\u00f3n. Disponible tambi\u00e9n en ingl\u00e9s. Para dispositivos <a href=\"https:\/\/apps.apple.com\/es\/app\/ser-cofrade-s-santa-de-m%C3%A1laga\/id613214978\"><strong>iOS<\/strong> <\/a>(iPhone, iPad, iPod touch) y <a href=\"https:\/\/play.google.com\/store\/apps\/details?id=com.ssanta2013malaga.android&amp;hl=es_419\"><strong>Android<\/strong><\/a>.<\/p>\n<h3>Nuestros consejos<\/h3>\n<figure id=\"attachment_2541\" aria-describedby=\"caption-attachment-2541\" style=\"width: 1000px\" class=\"wp-caption aligncenter\"><img loading=\"lazy\" decoding=\"async\" class=\"size-full wp-image-2541\" src=\"https:\/\/www.malagatransfer.co.uk\/es\/blog\/wp-content\/uploads\/2025\/03\/aglomeraciones-D.jpg\" alt=\"Semana Santa M\u00e1laga\" width=\"1000\" height=\"659\" srcset=\"https:\/\/www.malagatransfer.co.uk\/es\/blog\/wp-content\/uploads\/2025\/03\/aglomeraciones-D.jpg 1000w, https:\/\/www.malagatransfer.co.uk\/es\/blog\/wp-content\/uploads\/2025\/03\/aglomeraciones-D-300x198.jpg 300w, https:\/\/www.malagatransfer.co.uk\/es\/blog\/wp-content\/uploads\/2025\/03\/aglomeraciones-D-768x506.jpg 768w\" sizes=\"auto, (max-width: 1000px) 100vw, 1000px\" \/><figcaption id=\"caption-attachment-2541\" class=\"wp-caption-text\">Imagen t\u00edpica de calles abarrotadas de fieles durante las procesiones. Credit Depositphotos<\/figcaption><\/figure>\n<p>Durante la Semana Santa en M\u00e1laga prep\u00e1rate para grandes aglomeraciones de gente.<\/p>\n<ul>\n<li>Es preferible <strong>no ir en coche particular<\/strong> al centro. Aunque los parkings c\u00e9ntricos est\u00e1n abiertos, tu coche se puede quedar encerrado dentro durante muchas horas. Ya que las calles se\u00a0 cortan mientras pasen las procesiones desde las 4 de la tarde hasta altas horas de la noche.<\/li>\n<\/ul>\n<ul>\n<li>La siguiente opci\u00f3n es el <strong>tren de cercan\u00edas<\/strong> que dispone de un <a href=\"https:\/\/www.renfe.com\/es\/es\/cercanias\/cercanias-malaga\/horarios#\/buscar\"><strong>horario especial<\/strong><\/a> hasta la madrugada durante esta fecha. Prep\u00e1rate mentalmente, porque este medio de transporte tambi\u00e9n estar\u00e1 abarrotado de gente a todas horas.<\/li>\n<\/ul>\n<ul>\n<li>De manera si quieres disfrutar de la Semana Santa en M\u00e1laga sin agobios, puedes <a href=\"https:\/\/www.malagatransfer.co.uk\/es\/\"><strong>contratar un transfer<\/strong><\/a> con nosotros. Te llevamos y recogemos a la hora indicada.<\/li>\n<\/ul>\n<ul>\n<li>Adem\u00e1s, te podemos recomendar llevar <strong>zapatos c\u00f3modos<\/strong> y tampoco estar\u00eda dem\u00e1s llevarte un botell\u00edn de agua. En el centro los bares y cafeter\u00edas est\u00e1n igualmente abarrotadas y probablemente tendr\u00e1s que hacer cola para poder tomar algo o ir al ba\u00f1o.<\/li>\n<\/ul>\n","protected":false},"excerpt":{"rendered":"<p>\u00bfEst\u00e1s pensando en venir a M\u00e1laga esta Semana Santa? \u00a1Pues est\u00e1 a la vuelta de la esquina! Este a\u00f1o, en comparaci\u00f3n con el a\u00f1o pasado, tenemos que esperar 3 semanas menos para nuestras ansiadas vacaciones de primaverales en la soleada Costa del Sol: Este a\u00f1o, la Semana Santa en M\u00e1laga tiene lugar del domingo, 29 [&#8230;]<a class=\"read-more\" href=\"https:\/\/www.malagatransfer.co.uk\/es\/blog\/semana-santa-malaga\/\">Leer m\u00e1s<\/a><\/p>\n","protected":false},"author":1,"featured_media":2543,"comment_status":"open","ping_status":"open","sticky":false,"template":"","format":"standard","meta":{"footnotes":""},"categories":[2],"tags":[19,17],"class_list":["post-2520","post","type-post","status-publish","format-standard","has-post-thumbnail","hentry","category-entretenimiento","tag-actividades","tag-malaga"],"yoast_head":"<!-- This site is optimized with the Yoast SEO plugin v28.4 - https:\/\/yoast.com\/product\/yoast-seo-wordpress\/ -->\n<title>Semana Santa en M\u00e1laga 2026 - Blog de Malaga Transfer<\/title>\n<meta name=\"description\" content=\"\u00bfEst\u00e1s pensando en venir a M\u00e1laga esta Semana Santa? \u00a1Pues est\u00e1 a la vuelta de la esquina! \u00a1Descubre todo lo que puedes hacer!\" \/>\n<meta name=\"robots\" content=\"index, follow, max-snippet:-1, max-image-preview:large, max-video-preview:-1\" \/>\n<link rel=\"canonical\" href=\"https:\/\/www.malagatransfer.co.uk\/es\/blog\/semana-santa-malaga\/\" \/>\n<meta property=\"og:locale\" content=\"es_ES\" \/>\n<meta property=\"og:type\" content=\"article\" \/>\n<meta property=\"og:title\" content=\"Semana Santa en M\u00e1laga 2026 - Blog de Malaga Transfer\" \/>\n<meta property=\"og:description\" content=\"\u00bfEst\u00e1s pensando en venir a M\u00e1laga esta Semana Santa? \u00a1Pues est\u00e1 a la vuelta de la esquina! \u00a1Descubre todo lo que puedes hacer!\" \/>\n<meta property=\"og:url\" content=\"https:\/\/www.malagatransfer.co.uk\/es\/blog\/semana-santa-malaga\/\" \/>\n<meta property=\"og:site_name\" content=\"Blog de Malaga Transfer\" \/>\n<meta property=\"article:publisher\" content=\"https:\/\/www.facebook.com\/Malagatransfer\/\" \/>\n<meta property=\"article:published_time\" content=\"2026-02-19T10:07:19+00:00\" \/>\n<meta property=\"article:modified_time\" content=\"2026-02-19T10:08:10+00:00\" \/>\n<meta property=\"og:image\" content=\"https:\/\/www.malagatransfer.co.uk\/es\/blog\/wp-content\/uploads\/2025\/03\/easter-in-malaga-es-1.jpg\" \/>\n\t<meta property=\"og:image:width\" content=\"1200\" \/>\n\t<meta property=\"og:image:height\" content=\"639\" \/>\n\t<meta property=\"og:image:type\" content=\"image\/jpeg\" \/>\n<meta name=\"author\" content=\"malagatransfer\" \/>\n<meta name=\"twitter:label1\" content=\"Escrito por\" \/>\n\t<meta name=\"twitter:data1\" content=\"malagatransfer\" \/>\n\t<meta name=\"twitter:label2\" content=\"Tiempo de lectura\" \/>\n\t<meta name=\"twitter:data2\" content=\"12 minutos\" \/>\n<script type=\"application\/ld+json\" class=\"yoast-schema-graph\">{\"@context\":\"https:\\\/\\\/schema.org\",\"@graph\":[{\"@type\":\"Article\",\"@id\":\"https:\\\/\\\/www.malagatransfer.co.uk\\\/es\\\/blog\\\/semana-santa-malaga\\\/#article\",\"isPartOf\":{\"@id\":\"https:\\\/\\\/www.malagatransfer.co.uk\\\/es\\\/blog\\\/semana-santa-malaga\\\/\"},\"author\":{\"name\":\"malagatransfer\",\"@id\":\"https:\\\/\\\/www.malagatransfer.co.uk\\\/es\\\/blog\\\/#\\\/schema\\\/person\\\/eb67cfd9cdd50c88005c331d51d1c7ee\"},\"headline\":\"Semana Santa en M\u00e1laga 2026\",\"datePublished\":\"2026-02-19T10:07:19+00:00\",\"dateModified\":\"2026-02-19T10:08:10+00:00\",\"mainEntityOfPage\":{\"@id\":\"https:\\\/\\\/www.malagatransfer.co.uk\\\/es\\\/blog\\\/semana-santa-malaga\\\/\"},\"wordCount\":2013,\"commentCount\":0,\"image\":{\"@id\":\"https:\\\/\\\/www.malagatransfer.co.uk\\\/es\\\/blog\\\/semana-santa-malaga\\\/#primaryimage\"},\"thumbnailUrl\":\"https:\\\/\\\/www.malagatransfer.co.uk\\\/es\\\/blog\\\/wp-content\\\/uploads\\\/2025\\\/03\\\/easter-in-malaga-es-1.jpg\",\"keywords\":[\"actividades\",\"M\u00e1laga\"],\"articleSection\":[\"Entretenimiento\"],\"inLanguage\":\"es\",\"potentialAction\":[{\"@type\":\"CommentAction\",\"name\":\"Comment\",\"target\":[\"https:\\\/\\\/www.malagatransfer.co.uk\\\/es\\\/blog\\\/semana-santa-malaga\\\/#respond\"]}]},{\"@type\":\"WebPage\",\"@id\":\"https:\\\/\\\/www.malagatransfer.co.uk\\\/es\\\/blog\\\/semana-santa-malaga\\\/\",\"url\":\"https:\\\/\\\/www.malagatransfer.co.uk\\\/es\\\/blog\\\/semana-santa-malaga\\\/\",\"name\":\"Semana Santa en M\u00e1laga 2026 - Blog de Malaga Transfer\",\"isPartOf\":{\"@id\":\"https:\\\/\\\/www.malagatransfer.co.uk\\\/es\\\/blog\\\/#website\"},\"primaryImageOfPage\":{\"@id\":\"https:\\\/\\\/www.malagatransfer.co.uk\\\/es\\\/blog\\\/semana-santa-malaga\\\/#primaryimage\"},\"image\":{\"@id\":\"https:\\\/\\\/www.malagatransfer.co.uk\\\/es\\\/blog\\\/semana-santa-malaga\\\/#primaryimage\"},\"thumbnailUrl\":\"https:\\\/\\\/www.malagatransfer.co.uk\\\/es\\\/blog\\\/wp-content\\\/uploads\\\/2025\\\/03\\\/easter-in-malaga-es-1.jpg\",\"datePublished\":\"2026-02-19T10:07:19+00:00\",\"dateModified\":\"2026-02-19T10:08:10+00:00\",\"author\":{\"@id\":\"https:\\\/\\\/www.malagatransfer.co.uk\\\/es\\\/blog\\\/#\\\/schema\\\/person\\\/eb67cfd9cdd50c88005c331d51d1c7ee\"},\"description\":\"\u00bfEst\u00e1s pensando en venir a M\u00e1laga esta Semana Santa? \u00a1Pues est\u00e1 a la vuelta de la esquina! \u00a1Descubre todo lo que puedes hacer!\",\"breadcrumb\":{\"@id\":\"https:\\\/\\\/www.malagatransfer.co.uk\\\/es\\\/blog\\\/semana-santa-malaga\\\/#breadcrumb\"},\"inLanguage\":\"es\",\"potentialAction\":[{\"@type\":\"ReadAction\",\"target\":[\"https:\\\/\\\/www.malagatransfer.co.uk\\\/es\\\/blog\\\/semana-santa-malaga\\\/\"]}]},{\"@type\":\"ImageObject\",\"inLanguage\":\"es\",\"@id\":\"https:\\\/\\\/www.malagatransfer.co.uk\\\/es\\\/blog\\\/semana-santa-malaga\\\/#primaryimage\",\"url\":\"https:\\\/\\\/www.malagatransfer.co.uk\\\/es\\\/blog\\\/wp-content\\\/uploads\\\/2025\\\/03\\\/easter-in-malaga-es-1.jpg\",\"contentUrl\":\"https:\\\/\\\/www.malagatransfer.co.uk\\\/es\\\/blog\\\/wp-content\\\/uploads\\\/2025\\\/03\\\/easter-in-malaga-es-1.jpg\",\"width\":1200,\"height\":639,\"caption\":\"semana santa m\u00e1laga\"},{\"@type\":\"BreadcrumbList\",\"@id\":\"https:\\\/\\\/www.malagatransfer.co.uk\\\/es\\\/blog\\\/semana-santa-malaga\\\/#breadcrumb\",\"itemListElement\":[{\"@type\":\"ListItem\",\"position\":1,\"name\":\"Portada\",\"item\":\"https:\\\/\\\/www.malagatransfer.co.uk\\\/es\\\/blog\\\/\"},{\"@type\":\"ListItem\",\"position\":2,\"name\":\"Semana Santa en M\u00e1laga 2026\"}]},{\"@type\":\"WebSite\",\"@id\":\"https:\\\/\\\/www.malagatransfer.co.uk\\\/es\\\/blog\\\/#website\",\"url\":\"https:\\\/\\\/www.malagatransfer.co.uk\\\/es\\\/blog\\\/\",\"name\":\"Blog de Malaga Transfer\",\"description\":\"El blog oficial de Malaga Transfer\",\"potentialAction\":[{\"@type\":\"SearchAction\",\"target\":{\"@type\":\"EntryPoint\",\"urlTemplate\":\"https:\\\/\\\/www.malagatransfer.co.uk\\\/es\\\/blog\\\/?s={search_term_string}\"},\"query-input\":{\"@type\":\"PropertyValueSpecification\",\"valueRequired\":true,\"valueName\":\"search_term_string\"}}],\"inLanguage\":\"es\"},{\"@type\":\"Person\",\"@id\":\"https:\\\/\\\/www.malagatransfer.co.uk\\\/es\\\/blog\\\/#\\\/schema\\\/person\\\/eb67cfd9cdd50c88005c331d51d1c7ee\",\"name\":\"malagatransfer\",\"image\":{\"@type\":\"ImageObject\",\"inLanguage\":\"es\",\"@id\":\"https:\\\/\\\/secure.gravatar.com\\\/avatar\\\/13ffa93f3e7839753bde9745a9d81e6fedfae2225c0b952fb96c99cb59851a23?s=96&d=mm&r=g\",\"url\":\"https:\\\/\\\/secure.gravatar.com\\\/avatar\\\/13ffa93f3e7839753bde9745a9d81e6fedfae2225c0b952fb96c99cb59851a23?s=96&d=mm&r=g\",\"contentUrl\":\"https:\\\/\\\/secure.gravatar.com\\\/avatar\\\/13ffa93f3e7839753bde9745a9d81e6fedfae2225c0b952fb96c99cb59851a23?s=96&d=mm&r=g\",\"caption\":\"malagatransfer\"}}]}<\/script>\n<!-- \/ Yoast SEO plugin. -->","yoast_head_json":{"title":"Semana Santa en M\u00e1laga 2026 - Blog de Malaga Transfer","description":"\u00bfEst\u00e1s pensando en venir a M\u00e1laga esta Semana Santa? \u00a1Pues est\u00e1 a la vuelta de la esquina! \u00a1Descubre todo lo que puedes hacer!","robots":{"index":"index","follow":"follow","max-snippet":"max-snippet:-1","max-image-preview":"max-image-preview:large","max-video-preview":"max-video-preview:-1"},"canonical":"https:\/\/www.malagatransfer.co.uk\/es\/blog\/semana-santa-malaga\/","og_locale":"es_ES","og_type":"article","og_title":"Semana Santa en M\u00e1laga 2026 - Blog de Malaga Transfer","og_description":"\u00bfEst\u00e1s pensando en venir a M\u00e1laga esta Semana Santa? \u00a1Pues est\u00e1 a la vuelta de la esquina! \u00a1Descubre todo lo que puedes hacer!","og_url":"https:\/\/www.malagatransfer.co.uk\/es\/blog\/semana-santa-malaga\/","og_site_name":"Blog de Malaga Transfer","article_publisher":"https:\/\/www.facebook.com\/Malagatransfer\/","article_published_time":"2026-02-19T10:07:19+00:00","article_modified_time":"2026-02-19T10:08:10+00:00","og_image":[{"width":1200,"height":639,"url":"https:\/\/www.malagatransfer.co.uk\/es\/blog\/wp-content\/uploads\/2025\/03\/easter-in-malaga-es-1.jpg","type":"image\/jpeg"}],"author":"malagatransfer","twitter_misc":{"Escrito por":"malagatransfer","Tiempo de lectura":"12 minutos"},"schema":{"@context":"https:\/\/schema.org","@graph":[{"@type":"Article","@id":"https:\/\/www.malagatransfer.co.uk\/es\/blog\/semana-santa-malaga\/#article","isPartOf":{"@id":"https:\/\/www.malagatransfer.co.uk\/es\/blog\/semana-santa-malaga\/"},"author":{"name":"malagatransfer","@id":"https:\/\/www.malagatransfer.co.uk\/es\/blog\/#\/schema\/person\/eb67cfd9cdd50c88005c331d51d1c7ee"},"headline":"Semana Santa en M\u00e1laga 2026","datePublished":"2026-02-19T10:07:19+00:00","dateModified":"2026-02-19T10:08:10+00:00","mainEntityOfPage":{"@id":"https:\/\/www.malagatransfer.co.uk\/es\/blog\/semana-santa-malaga\/"},"wordCount":2013,"commentCount":0,"image":{"@id":"https:\/\/www.malagatransfer.co.uk\/es\/blog\/semana-santa-malaga\/#primaryimage"},"thumbnailUrl":"https:\/\/www.malagatransfer.co.uk\/es\/blog\/wp-content\/uploads\/2025\/03\/easter-in-malaga-es-1.jpg","keywords":["actividades","M\u00e1laga"],"articleSection":["Entretenimiento"],"inLanguage":"es","potentialAction":[{"@type":"CommentAction","name":"Comment","target":["https:\/\/www.malagatransfer.co.uk\/es\/blog\/semana-santa-malaga\/#respond"]}]},{"@type":"WebPage","@id":"https:\/\/www.malagatransfer.co.uk\/es\/blog\/semana-santa-malaga\/","url":"https:\/\/www.malagatransfer.co.uk\/es\/blog\/semana-santa-malaga\/","name":"Semana Santa en M\u00e1laga 2026 - Blog de Malaga Transfer","isPartOf":{"@id":"https:\/\/www.malagatransfer.co.uk\/es\/blog\/#website"},"primaryImageOfPage":{"@id":"https:\/\/www.malagatransfer.co.uk\/es\/blog\/semana-santa-malaga\/#primaryimage"},"image":{"@id":"https:\/\/www.malagatransfer.co.uk\/es\/blog\/semana-santa-malaga\/#primaryimage"},"thumbnailUrl":"https:\/\/www.malagatransfer.co.uk\/es\/blog\/wp-content\/uploads\/2025\/03\/easter-in-malaga-es-1.jpg","datePublished":"2026-02-19T10:07:19+00:00","dateModified":"2026-02-19T10:08:10+00:00","author":{"@id":"https:\/\/www.malagatransfer.co.uk\/es\/blog\/#\/schema\/person\/eb67cfd9cdd50c88005c331d51d1c7ee"},"description":"\u00bfEst\u00e1s pensando en venir a M\u00e1laga esta Semana Santa? \u00a1Pues est\u00e1 a la vuelta de la esquina! \u00a1Descubre todo lo que puedes hacer!","breadcrumb":{"@id":"https:\/\/www.malagatransfer.co.uk\/es\/blog\/semana-santa-malaga\/#breadcrumb"},"inLanguage":"es","potentialAction":[{"@type":"ReadAction","target":["https:\/\/www.malagatransfer.co.uk\/es\/blog\/semana-santa-malaga\/"]}]},{"@type":"ImageObject","inLanguage":"es","@id":"https:\/\/www.malagatransfer.co.uk\/es\/blog\/semana-santa-malaga\/#primaryimage","url":"https:\/\/www.malagatransfer.co.uk\/es\/blog\/wp-content\/uploads\/2025\/03\/easter-in-malaga-es-1.jpg","contentUrl":"https:\/\/www.malagatransfer.co.uk\/es\/blog\/wp-content\/uploads\/2025\/03\/easter-in-malaga-es-1.jpg","width":1200,"height":639,"caption":"semana santa m\u00e1laga"},{"@type":"BreadcrumbList","@id":"https:\/\/www.malagatransfer.co.uk\/es\/blog\/semana-santa-malaga\/#breadcrumb","itemListElement":[{"@type":"ListItem","position":1,"name":"Portada","item":"https:\/\/www.malagatransfer.co.uk\/es\/blog\/"},{"@type":"ListItem","position":2,"name":"Semana Santa en M\u00e1laga 2026"}]},{"@type":"WebSite","@id":"https:\/\/www.malagatransfer.co.uk\/es\/blog\/#website","url":"https:\/\/www.malagatransfer.co.uk\/es\/blog\/","name":"Blog de Malaga Transfer","description":"El blog oficial de Malaga Transfer","potentialAction":[{"@type":"SearchAction","target":{"@type":"EntryPoint","urlTemplate":"https:\/\/www.malagatransfer.co.uk\/es\/blog\/?s={search_term_string}"},"query-input":{"@type":"PropertyValueSpecification","valueRequired":true,"valueName":"search_term_string"}}],"inLanguage":"es"},{"@type":"Person","@id":"https:\/\/www.malagatransfer.co.uk\/es\/blog\/#\/schema\/person\/eb67cfd9cdd50c88005c331d51d1c7ee","name":"malagatransfer","image":{"@type":"ImageObject","inLanguage":"es","@id":"https:\/\/secure.gravatar.com\/avatar\/13ffa93f3e7839753bde9745a9d81e6fedfae2225c0b952fb96c99cb59851a23?s=96&d=mm&r=g","url":"https:\/\/secure.gravatar.com\/avatar\/13ffa93f3e7839753bde9745a9d81e6fedfae2225c0b952fb96c99cb59851a23?s=96&d=mm&r=g","contentUrl":"https:\/\/secure.gravatar.com\/avatar\/13ffa93f3e7839753bde9745a9d81e6fedfae2225c0b952fb96c99cb59851a23?s=96&d=mm&r=g","caption":"malagatransfer"}}]}},"_links":{"self":[{"href":"https:\/\/www.malagatransfer.co.uk\/es\/blog\/wp-json\/wp\/v2\/posts\/2520","targetHints":{"allow":["GET"]}}],"collection":[{"href":"https:\/\/www.malagatransfer.co.uk\/es\/blog\/wp-json\/wp\/v2\/posts"}],"about":[{"href":"https:\/\/www.malagatransfer.co.uk\/es\/blog\/wp-json\/wp\/v2\/types\/post"}],"author":[{"embeddable":true,"href":"https:\/\/www.malagatransfer.co.uk\/es\/blog\/wp-json\/wp\/v2\/users\/1"}],"replies":[{"embeddable":true,"href":"https:\/\/www.malagatransfer.co.uk\/es\/blog\/wp-json\/wp\/v2\/comments?post=2520"}],"version-history":[{"count":22,"href":"https:\/\/www.malagatransfer.co.uk\/es\/blog\/wp-json\/wp\/v2\/posts\/2520\/revisions"}],"predecessor-version":[{"id":2721,"href":"https:\/\/www.malagatransfer.co.uk\/es\/blog\/wp-json\/wp\/v2\/posts\/2520\/revisions\/2721"}],"wp:featuredmedia":[{"embeddable":true,"href":"https:\/\/www.malagatransfer.co.uk\/es\/blog\/wp-json\/wp\/v2\/media\/2543"}],"wp:attachment":[{"href":"https:\/\/www.malagatransfer.co.uk\/es\/blog\/wp-json\/wp\/v2\/media?parent=2520"}],"wp:term":[{"taxonomy":"category","embeddable":true,"href":"https:\/\/www.malagatransfer.co.uk\/es\/blog\/wp-json\/wp\/v2\/categories?post=2520"},{"taxonomy":"post_tag","embeddable":true,"href":"https:\/\/www.malagatransfer.co.uk\/es\/blog\/wp-json\/wp\/v2\/tags?post=2520"}],"curies":[{"name":"wp","href":"https:\/\/api.w.org\/{rel}","templated":true}]}}