{"id":1097,"date":"2026-09-01T09:30:12","date_gmt":"2026-09-01T07:30:12","guid":{"rendered":"https:\/\/www.malagatransfer.co.uk\/es\/blog\/?p=1097"},"modified":"2026-09-02T14:08:48","modified_gmt":"2026-09-02T12:08:48","slug":"visitar-malaga-en-septiembre","status":"publish","type":"post","link":"https:\/\/www.malagatransfer.co.uk\/es\/blog\/visitar-malaga-en-septiembre\/","title":{"rendered":"M\u00e1laga en septiembre: Las mejores actividades, ferias y consejos"},"content":{"rendered":"\r\n<p class=\"wp-block-paragraph\">Septiembre en M\u00e1laga es uno de los mejores meses para visitar la Costa del Sol. Las aglomeraciones de agosto se reducen notablemente, las temperaturas se suavizan y el mar sigue estando agradable para ba\u00f1arse. Cada vez m\u00e1s viajeros eligen septiembre precisamente por este equilibrio perfecto entre buen tiempo, playa y ambiente m\u00e1s relajado.<\/p>\r\n\r\n\r\n\r\n<p class=\"wp-block-paragraph\"><strong>\u00bfVas a visitar M\u00e1laga en septiembre 2026?<\/strong> Esta gu\u00eda actualizada te cuenta qu\u00e9 tiempo hace, qu\u00e9 ropa necesitas, la temperatura del mar y, sobre todo, las ferias y eventos con fechas comprobadas para este a\u00f1o.<\/p>\r\n\r\n\r\n\r\n<p class=\"wp-block-paragraph\">A finales de <a href=\"https:\/\/www.malagatransfer.co.uk\/es\/blog\/visitar-malaga-en-agosto\/\">agosto en M\u00e1laga<\/a> ya se nota un claro descenso de ba\u00f1istas. En septiembre las playas son m\u00e1s tranquilas, los restaurantes menos saturados y las excursiones por el interior mucho m\u00e1s agradables.<\/p>\r\n\r\n\r\n\r\n<h2 class=\"wp-block-heading\">\u00bfEs recomendable visitar M\u00e1laga en septiembre?<\/h2>\r\n\r\n\r\n\r\n<p class=\"wp-block-paragraph\">S\u00ed, es altamente recomendable. Se mantiene la sensaci\u00f3n de verano, pero sin el calor extremo ni las multitudes de agosto. Puedes disfrutar plenamente de la playa, hacer rutas de senderismo, visitar pueblos blancos o asistir a ferias tradicionales con mucha m\u00e1s comodidad.<\/p>\r\n\r\n\r\n\r\n<p class=\"wp-block-paragraph\">Adem\u00e1s, septiembre es un mes ideal para combinar playa y cultura: las temperaturas permiten visitar monumentos, hacer rutas por la Axarqu\u00eda o la Serran\u00eda de Ronda y cenar al aire libre sin sofocarse.<\/p>\r\n\r\n\r\n\r\n<h2 class=\"wp-block-heading\">Tiempo en M\u00e1laga en septiembre<\/h2>\r\n\r\n\r\n\r\n<p class=\"wp-block-paragraph\"><strong>El tiempo en septiembre es fant\u00e1stico.<\/strong> Las m\u00e1ximas suelen situarse entre 27 y 30 \u00baC y las m\u00ednimas nocturnas rondan los 19-22 \u00baC. El calor ya no es tan intenso como en agosto y las noches son m\u00e1s frescas y agradables.<\/p>\r\n\r\n\r\n\r\n<p class=\"wp-block-paragraph\"><strong>\u00bfLlueve en septiembre?<\/strong> No es habitual, aunque puede haber alg\u00fan d\u00eda suelto de lluvia corta que refresca el ambiente y suele recibirse con agrado.<\/p>\r\n\r\n\r\n\r\n<h3 class=\"wp-block-heading\">Playa y temperatura del mar en septiembre<\/h3>\r\n\r\n\r\n\r\n<figure class=\"wp-block-image size-full\"><a href=\"https:\/\/www.malagatransfer.co.uk\/es\/blog\/wp-content\/uploads\/2016\/05\/beach.jpg\"><img loading=\"lazy\" decoding=\"async\" width=\"625\" height=\"324\" class=\"wp-image-256\" src=\"https:\/\/www.malagatransfer.co.uk\/es\/blog\/wp-content\/uploads\/2016\/05\/beach.jpg\" alt=\"Playa de la Cala en septiembre\" srcset=\"https:\/\/www.malagatransfer.co.uk\/es\/blog\/wp-content\/uploads\/2016\/05\/beach.jpg 625w, https:\/\/www.malagatransfer.co.uk\/es\/blog\/wp-content\/uploads\/2016\/05\/beach-300x156.jpg 300w\" sizes=\"auto, (max-width: 625px) 100vw, 625px\" \/><\/a><\/figure>\r\n\r\n\r\n\r\n<p class=\"wp-block-paragraph\">La temperatura del agua se mantiene muy agradable: suele oscilar entre 22 y 25 \u00baC. A principios de mes puede llegar a los 24-25 \u00baC y a finales baja ligeramente, pero sigue siendo perfecta para ba\u00f1arse sin problema.<\/p>\r\n\r\n\r\n\r\n<h3 class=\"wp-block-heading\">Ropa recomendada<\/h3>\r\n\r\n\r\n\r\n<p class=\"wp-block-paragraph\">Ropa de verano sigue siendo la base, aunque conviene llevar alguna prenda algo m\u00e1s abrigada para las noches, especialmente si vas a estar cerca del mar o en pueblos de interior.<\/p>\r\n\r\n\r\n\r\n<p class=\"wp-block-paragraph\"><strong>No olvides:<\/strong><\/p>\r\n\r\n\r\n\r\n<ul class=\"wp-block-list\">\r\n<li>Crema solar de alto factor<\/li>\r\n<li>Gafas de sol<\/li>\r\n<li>Ropa ligera y c\u00f3moda<\/li>\r\n<li>Una chaqueta fina o pashmina para la noche<\/li>\r\n<li>Calzado c\u00f3modo para pasear por pueblos y ferias<\/li>\r\n<\/ul>\r\n\r\n\r\n\r\n<h2 class=\"wp-block-heading\">Amanecer y atardecer en septiembre<\/h2>\r\n\r\n\r\n\r\n<p class=\"wp-block-paragraph\">A mediados de septiembre el sol sale alrededor de las 07:40-08:00 y se pone hacia las 20:00-20:15. La duraci\u00f3n del d\u00eda es de unas 12 horas y media al principio del mes y se acorta progresivamente hasta unas 11 horas y 50 minutos a finales.<\/p>\r\n\r\n\r\n\r\n<figure class=\"wp-block-image size-large\"><a href=\"https:\/\/www.malagatransfer.co.uk\/es\/blog\/wp-content\/uploads\/2021\/07\/kayak-malaga.jpg\"><img loading=\"lazy\" decoding=\"async\" width=\"1024\" height=\"465\" class=\"wp-image-1015\" src=\"https:\/\/www.malagatransfer.co.uk\/es\/blog\/wp-content\/uploads\/2021\/07\/kayak-malaga-1024x465.jpg\" alt=\"Amanecer en el mar en M\u00e1laga\" srcset=\"https:\/\/www.malagatransfer.co.uk\/es\/blog\/wp-content\/uploads\/2021\/07\/kayak-malaga-1024x465.jpg 1024w, https:\/\/www.malagatransfer.co.uk\/es\/blog\/wp-content\/uploads\/2021\/07\/kayak-malaga-300x136.jpg 300w, https:\/\/www.malagatransfer.co.uk\/es\/blog\/wp-content\/uploads\/2021\/07\/kayak-malaga-768x349.jpg 768w, https:\/\/www.malagatransfer.co.uk\/es\/blog\/wp-content\/uploads\/2021\/07\/kayak-malaga.jpg 1200w\" sizes=\"auto, (max-width: 1024px) 100vw, 1024px\" \/><\/a>\r\n<figcaption>Disfrutar de un amanecer en el mar es una de las mejores experiencias de septiembre.<\/figcaption>\r\n<\/figure>\r\n\r\n\r\n\r\n<p class=\"wp-block-paragraph\">Los horarios var\u00edan ligeramente entre el principio y el final del mes. Si vas a hacer una excursi\u00f3n temprana, tenlo en cuenta. Nosotros estamos disponibles las 24 horas para cualquier traslado que necesites.<\/p>\r\n\r\n\r\n\r\n<h2 class=\"wp-block-heading\">Jugar al golf en septiembre en M\u00e1laga<\/h2>\r\n\r\n\r\n\r\n<p class=\"wp-block-paragraph\">Septiembre es un mes excelente para jugar al golf en la Costa del Sol. Las temperaturas son m\u00e1s suaves que en julio y agosto, los greens est\u00e1n en buen estado y hay menos presi\u00f3n de jugadores.<\/p>\r\n\r\n\r\n\r\n<figure class=\"wp-block-image size-full\"><a href=\"https:\/\/www.malagatransfer.co.uk\/es\/blog\/wp-content\/uploads\/2016\/06\/guadalmina-golf.jpg\"><img loading=\"lazy\" decoding=\"async\" width=\"625\" height=\"324\" class=\"wp-image-299\" src=\"https:\/\/www.malagatransfer.co.uk\/es\/blog\/wp-content\/uploads\/2016\/06\/guadalmina-golf.jpg\" alt=\"Guadalmina Golf en septiembre\" srcset=\"https:\/\/www.malagatransfer.co.uk\/es\/blog\/wp-content\/uploads\/2016\/06\/guadalmina-golf.jpg 625w, https:\/\/www.malagatransfer.co.uk\/es\/blog\/wp-content\/uploads\/2016\/06\/guadalmina-golf-300x156.jpg 300w\" sizes=\"auto, (max-width: 625px) 100vw, 625px\" \/><\/a><\/figure>\r\n\r\n\r\n\r\n<p class=\"wp-block-paragraph\">Nosotros nos encargamos del transporte hasta el campo que elijas y no cobramos ning\u00fan extra por llevar tu equipo de golf.<\/p>\r\n\r\n\r\n\r\n<h2 class=\"wp-block-heading\">Ferias y fiestas de septiembre en M\u00e1laga 2026<\/h2>\r\n\r\n\r\n\r\n<p class=\"wp-block-paragraph\">Septiembre es un mes rico en ferias tradicionales y eventos gastron\u00f3micos. Aqu\u00ed tienes las principales citas con fechas actualizadas para 2026:<\/p>\r\n\r\n\r\n\r\n<h3 class=\"wp-block-heading\">Feria de la Vendimia de Manilva<\/h3>\r\n\r\n\r\n\r\n<p class=\"wp-block-paragraph\">Declarada de Inter\u00e9s Tur\u00edstico, celebra la cosecha de la uva moscatel. Incluye la tradicional pisada de la uva, degustaciones del primer mosto del a\u00f1o, procesi\u00f3n y ambiente festivo.<\/p>\r\n\r\n\r\n\r\n<figure class=\"wp-block-image size-full\"><a href=\"https:\/\/www.malagatransfer.co.uk\/es\/blog\/wp-content\/uploads\/2021\/08\/manilva-feria-vendimia.jpg\"><img loading=\"lazy\" decoding=\"async\" width=\"800\" height=\"406\" class=\"wp-image-1128\" src=\"https:\/\/www.malagatransfer.co.uk\/es\/blog\/wp-content\/uploads\/2021\/08\/manilva-feria-vendimia.jpg\" alt=\"Plaza de la Vendimia en Manilva\" srcset=\"https:\/\/www.malagatransfer.co.uk\/es\/blog\/wp-content\/uploads\/2021\/08\/manilva-feria-vendimia.jpg 800w, https:\/\/www.malagatransfer.co.uk\/es\/blog\/wp-content\/uploads\/2021\/08\/manilva-feria-vendimia-300x152.jpg 300w, https:\/\/www.malagatransfer.co.uk\/es\/blog\/wp-content\/uploads\/2021\/08\/manilva-feria-vendimia-768x390.jpg 768w\" sizes=\"auto, (max-width: 800px) 100vw, 800px\" \/><\/a>\r\n<figcaption>Plaza de la Vendimia, escenario de la tradicional pisada de la uva.<\/figcaption>\r\n<\/figure>\r\n\r\n\r\n\r\n<ul class=\"wp-block-list\">\r\n<li><strong>Cu\u00e1ndo:<\/strong> alrededor del 5-6 de septiembre 2026 (confirma fechas exactas a comienzo de mes)<\/li>\r\n<li><strong>C\u00f3mo llegar:<\/strong> <a href=\"https:\/\/goo.gl\/maps\/ys74zsB16zjS9PDcA\">ver en Google Maps<\/a><\/li>\r\n<\/ul>\r\n\r\n\r\n\r\n<p class=\"wp-block-paragraph\">En <a href=\"https:\/\/www.malagatransfer.co.uk\/es\/blog\/mollina\/\">Mollina<\/a> tambi\u00e9n se celebra su propia Feria de la Vendimia el segundo fin de semana de septiembre.<\/p>\r\n\r\n\r\n\r\n<h3 class=\"wp-block-heading\">Feria de Ronda (Feria de Pedro Romero)<\/h3>\r\n\r\n\r\n\r\n<figure class=\"wp-block-image size-full\"><a href=\"https:\/\/www.malagatransfer.co.uk\/es\/blog\/wp-content\/uploads\/2021\/08\/feria-ronda.jpg\"><img loading=\"lazy\" decoding=\"async\" width=\"510\" height=\"340\" class=\"wp-image-1131\" src=\"https:\/\/www.malagatransfer.co.uk\/es\/blog\/wp-content\/uploads\/2021\/08\/feria-ronda.jpg\" alt=\"Feria de Ronda 2026\" srcset=\"https:\/\/www.malagatransfer.co.uk\/es\/blog\/wp-content\/uploads\/2021\/08\/feria-ronda.jpg 510w, https:\/\/www.malagatransfer.co.uk\/es\/blog\/wp-content\/uploads\/2021\/08\/feria-ronda-300x200.jpg 300w\" sizes=\"auto, (max-width: 510px) 100vw, 510px\" \/><\/a>\r\n<figcaption>Feria de Pedro Romero en Ronda<\/figcaption>\r\n<\/figure>\r\n\r\n\r\n\r\n<p class=\"wp-block-paragraph\">Una de las ferias m\u00e1s importantes y tradicionales de Andaluc\u00eda. En 2026 se celebra del <strong>1 al 6 de septiembre<\/strong> y recupera los festejos taurinos, incluida la c\u00e9lebre Corrida Goyesca.<\/p>\r\n\r\n\r\n\r\n<ul class=\"wp-block-list\">\r\n<li><strong>Cu\u00e1ndo:<\/strong> 1 al 6 de septiembre 2026<\/li>\r\n<li><strong>C\u00f3mo llegar:<\/strong> <a href=\"https:\/\/goo.gl\/maps\/khuM6W811TjJ1YBP9\">ver en Google Maps<\/a><\/li>\r\n<\/ul>\r\n\r\n\r\n\r\n<h3 class=\"wp-block-heading\">Feria de Mijas Pueblo<\/h3>\r\n\r\n\r\n\r\n<figure class=\"wp-block-image size-full\"><a href=\"https:\/\/www.malagatransfer.co.uk\/es\/blog\/wp-content\/uploads\/2021\/08\/feria-mijas-pueblo.jpg\"><img loading=\"lazy\" decoding=\"async\" width=\"800\" height=\"413\" class=\"wp-image-1137\" src=\"https:\/\/www.malagatransfer.co.uk\/es\/blog\/wp-content\/uploads\/2021\/08\/feria-mijas-pueblo.jpg\" alt=\"Feria de Mijas Pueblo\" srcset=\"https:\/\/www.malagatransfer.co.uk\/es\/blog\/wp-content\/uploads\/2021\/08\/feria-mijas-pueblo.jpg 800w, https:\/\/www.malagatransfer.co.uk\/es\/blog\/wp-content\/uploads\/2021\/08\/feria-mijas-pueblo-300x155.jpg 300w, https:\/\/www.malagatransfer.co.uk\/es\/blog\/wp-content\/uploads\/2021\/08\/feria-mijas-pueblo-768x396.jpg 768w\" sizes=\"auto, (max-width: 800px) 100vw, 800px\" \/><\/a><\/figure>\r\n\r\n\r\n\r\n<p class=\"wp-block-paragraph\">En honor a la Virgen de la Pe\u00f1a (8 de septiembre). Combina feria de d\u00eda en el casco antiguo y feria de noche con atracciones, conciertos y casetas.<\/p>\r\n\r\n\r\n\r\n<ul class=\"wp-block-list\">\r\n<li><strong>Cu\u00e1ndo:<\/strong> alrededor del 7 al 12 de septiembre 2026 (confirma fechas oficiales)<\/li>\r\n<li><strong>C\u00f3mo llegar:<\/strong> <a href=\"https:\/\/goo.gl\/maps\/XcSoV4WbTEBeijAW6\">ver en Google Maps<\/a><\/li>\r\n<\/ul>\r\n\r\n\r\n\r\n<h3 class=\"wp-block-heading\">Festival de las Maravillas (Maro \u2013 Nerja)<\/h3>\r\n\r\n\r\n\r\n<figure class=\"wp-block-image size-large\"><a href=\"https:\/\/www.malagatransfer.co.uk\/es\/blog\/wp-content\/uploads\/2021\/08\/maro-nerja.jpg\"><img loading=\"lazy\" decoding=\"async\" width=\"1024\" height=\"378\" class=\"wp-image-1134\" src=\"https:\/\/www.malagatransfer.co.uk\/es\/blog\/wp-content\/uploads\/2021\/08\/maro-nerja-1024x378.jpg\" alt=\"Maro Nerja\" srcset=\"https:\/\/www.malagatransfer.co.uk\/es\/blog\/wp-content\/uploads\/2021\/08\/maro-nerja-1024x378.jpg 1024w, https:\/\/www.malagatransfer.co.uk\/es\/blog\/wp-content\/uploads\/2021\/08\/maro-nerja-300x111.jpg 300w, https:\/\/www.malagatransfer.co.uk\/es\/blog\/wp-content\/uploads\/2021\/08\/maro-nerja-768x284.jpg 768w, https:\/\/www.malagatransfer.co.uk\/es\/blog\/wp-content\/uploads\/2021\/08\/maro-nerja.jpg 1200w\" sizes=\"auto, (max-width: 1024px) 100vw, 1024px\" \/><\/a><\/figure>\r\n\r\n\r\n\r\n<p class=\"wp-block-paragraph\">Fiestas en honor a la Virgen de las Maravillas con casetas, verbenas y ambiente tradicional.<\/p>\r\n\r\n\r\n\r\n<ul class=\"wp-block-list\">\r\n<li><strong>Cu\u00e1ndo:<\/strong> alrededor del 6 al 9 de septiembre<\/li>\r\n<li><strong>C\u00f3mo llegar:<\/strong> <a href=\"https:\/\/goo.gl\/maps\/g7UXXyP5MhHpDEX57\">ver en Google Maps<\/a><\/li>\r\n<\/ul>\r\n\r\n\r\n\r\n<h3 class=\"wp-block-heading\">Romer\u00eda y Feria de San Miguel (Torremolinos)<\/h3>\r\n\r\n\r\n\r\n<figure class=\"wp-block-image size-full\"><a href=\"https:\/\/www.malagatransfer.co.uk\/es\/blog\/wp-content\/uploads\/2021\/08\/feria-torremolinos.jpg\"><img loading=\"lazy\" decoding=\"async\" width=\"800\" height=\"413\" class=\"wp-image-1136\" src=\"https:\/\/www.malagatransfer.co.uk\/es\/blog\/wp-content\/uploads\/2021\/08\/feria-torremolinos.jpg\" alt=\"Feria de Torremolinos\" srcset=\"https:\/\/www.malagatransfer.co.uk\/es\/blog\/wp-content\/uploads\/2021\/08\/feria-torremolinos.jpg 800w, https:\/\/www.malagatransfer.co.uk\/es\/blog\/wp-content\/uploads\/2021\/08\/feria-torremolinos-300x155.jpg 300w, https:\/\/www.malagatransfer.co.uk\/es\/blog\/wp-content\/uploads\/2021\/08\/feria-torremolinos-768x396.jpg 768w\" sizes=\"auto, (max-width: 800px) 100vw, 800px\" \/><\/a>\r\n<figcaption>Entrada a la feria de noche en Torremolinos<\/figcaption>\r\n<\/figure>\r\n\r\n\r\n\r\n<p class=\"wp-block-paragraph\">La Romer\u00eda de San Miguel es una de las m\u00e1s importantes de Andaluc\u00eda (Inter\u00e9s Tur\u00edstico Nacional) y re\u00fane a m\u00e1s de 200.000 personas. La feria se celebra la semana siguiente.<\/p>\r\n\r\n\r\n\r\n<ul class=\"wp-block-list\">\r\n<li><strong>Romer\u00eda:<\/strong> domingo m\u00e1s cercano al 29 de septiembre (en 2026 probablemente el 27 de septiembre)<\/li>\r\n<li><strong>Feria:<\/strong> \u00faltima semana de septiembre (aprox. 24-28 o 25-29 de septiembre)<\/li>\r\n<li><strong>C\u00f3mo llegar:<\/strong> <a href=\"https:\/\/goo.gl\/maps\/BSdN7yUi5iEkBtyA6\">ver en Google Maps<\/a><\/li>\r\n<\/ul>\r\n\r\n\r\n\r\n<h3 class=\"wp-block-heading\">Otras ferias de septiembre<\/h3>\r\n\r\n\r\n\r\n<p class=\"wp-block-paragraph\"><strong>Feria de Ardales<\/strong> \u2013 primera semana de septiembre. Ambiente t\u00edpico de feria de pueblo. Contacta con el Ayuntamiento para confirmar fechas: ayuntamiento@ardales.es<\/p>\r\n\r\n\r\n\r\n<p class=\"wp-block-paragraph\"><strong>Feria de Ist\u00e1n<\/strong> \u2013 normalmente alrededor del 6-8 de septiembre. Incluye el tradicional tiro con honda.<\/p>\r\n\r\n\r\n\r\n<h2 class=\"wp-block-heading\">Otras actividades y eventos en septiembre 2026<\/h2>\r\n\r\n\r\n\r\n<h3 class=\"wp-block-heading\">Luna Mora de Guaro<\/h3>\r\n\r\n\r\n\r\n<figure class=\"wp-block-image size-full\"><a href=\"https:\/\/www.malagatransfer.co.uk\/es\/blog\/wp-content\/uploads\/2021\/08\/luna-mora-guaro.jpg\"><img loading=\"lazy\" decoding=\"async\" width=\"800\" height=\"511\" class=\"wp-image-1138\" src=\"https:\/\/www.malagatransfer.co.uk\/es\/blog\/wp-content\/uploads\/2021\/08\/luna-mora-guaro.jpg\" alt=\"Luna Mora en Guaro\" srcset=\"https:\/\/www.malagatransfer.co.uk\/es\/blog\/wp-content\/uploads\/2021\/08\/luna-mora-guaro.jpg 800w, https:\/\/www.malagatransfer.co.uk\/es\/blog\/wp-content\/uploads\/2021\/08\/luna-mora-guaro-300x192.jpg 300w, https:\/\/www.malagatransfer.co.uk\/es\/blog\/wp-content\/uploads\/2021\/08\/luna-mora-guaro-768x491.jpg 768w\" sizes=\"auto, (max-width: 800px) 100vw, 800px\" \/><\/a>\r\n<figcaption>Las calles de Guaro iluminadas por miles de velas durante la Luna Mora<\/figcaption>\r\n<\/figure>\r\n\r\n\r\n\r\n<p class=\"wp-block-paragraph\">Uno de los eventos m\u00e1s m\u00e1gicos de la provincia. El pueblo se ilumina con miles de velas, hay zoco artesanal, m\u00fasica andalus\u00ed, flamenco y representaciones. Se celebra a mediados de septiembre.<\/p>\r\n\r\n\r\n\r\n<ul class=\"wp-block-list\">\r\n<li><strong>Cu\u00e1ndo:<\/strong> 11-12 o 12-13 de septiembre 2026 (confirma cerca de la fecha)<\/li>\r\n<li><strong>C\u00f3mo llegar:<\/strong> <a href=\"https:\/\/goo.gl\/maps\/VabfW9y1ZxrfsJCUA\">ver en Google Maps<\/a><\/li>\r\n<\/ul>\r\n\r\n\r\n\r\n<p class=\"wp-block-paragraph\">Se aparca en una explanada y hay servicio de autob\u00fas hasta el centro. Nosotros podemos llevarte y recogerte para que solo te preocupes de disfrutar.<\/p>\r\n\r\n\r\n\r\n<h3 class=\"wp-block-heading\">D\u00eda de la Pasa en El Borge<\/h3>\r\n\r\n\r\n\r\n<figure class=\"wp-block-image size-full\"><a href=\"https:\/\/www.malagatransfer.co.uk\/es\/blog\/wp-content\/uploads\/2021\/08\/uvas-pasas.jpg\"><img loading=\"lazy\" decoding=\"async\" width=\"800\" height=\"416\" class=\"wp-image-1139\" src=\"https:\/\/www.malagatransfer.co.uk\/es\/blog\/wp-content\/uploads\/2021\/08\/uvas-pasas.jpg\" alt=\"D\u00eda de la Pasa en El Borge\" srcset=\"https:\/\/www.malagatransfer.co.uk\/es\/blog\/wp-content\/uploads\/2021\/08\/uvas-pasas.jpg 800w, https:\/\/www.malagatransfer.co.uk\/es\/blog\/wp-content\/uploads\/2021\/08\/uvas-pasas-300x156.jpg 300w, https:\/\/www.malagatransfer.co.uk\/es\/blog\/wp-content\/uploads\/2021\/08\/uvas-pasas-768x399.jpg 768w\" sizes=\"auto, (max-width: 800px) 100vw, 800px\" \/><\/a><\/figure>\r\n\r\n\r\n\r\n<p class=\"wp-block-paragraph\">El Borge es el gran productor de pasas de Andaluc\u00eda. Durante este d\u00eda se hacen demostraciones tradicionales del proceso de elaboraci\u00f3n, se regalan bolsas de pasas y se degustan productos locales (gazpacho, embutidos, vino moscatel\u2026). Hay verdiales y ambiente muy aut\u00e9ntico.<\/p>\r\n\r\n\r\n\r\n<ul class=\"wp-block-list\">\r\n<li><strong>Cu\u00e1ndo:<\/strong> tercer domingo de septiembre \u2192 <strong>20 de septiembre 2026<\/strong><\/li>\r\n<li><strong>C\u00f3mo llegar:<\/strong> <a href=\"https:\/\/goo.gl\/maps\/51fvBieEnrSfJuyT8\">ver en Google Maps<\/a><\/li>\r\n<\/ul>\r\n\r\n\r\n\r\n<h3 class=\"wp-block-heading\">D\u00eda de la Almendra en Almog\u00eda<\/h3>\r\n\r\n\r\n\r\n<figure class=\"wp-block-image size-full\"><a href=\"https:\/\/www.malagatransfer.co.uk\/es\/blog\/wp-content\/uploads\/2021\/08\/dulces-almendras.jpg\"><img loading=\"lazy\" decoding=\"async\" width=\"800\" height=\"397\" class=\"wp-image-1141\" src=\"https:\/\/www.malagatransfer.co.uk\/es\/blog\/wp-content\/uploads\/2021\/08\/dulces-almendras.jpg\" alt=\"Dulces con almendras en Almog\u00eda\" srcset=\"https:\/\/www.malagatransfer.co.uk\/es\/blog\/wp-content\/uploads\/2021\/08\/dulces-almendras.jpg 800w, https:\/\/www.malagatransfer.co.uk\/es\/blog\/wp-content\/uploads\/2021\/08\/dulces-almendras-300x149.jpg 300w, https:\/\/www.malagatransfer.co.uk\/es\/blog\/wp-content\/uploads\/2021\/08\/dulces-almendras-768x381.jpg 768w\" sizes=\"auto, (max-width: 800px) 100vw, 800px\" \/><\/a>\r\n<figcaption>Dulces elaborados con almendra de Almog\u00eda<\/figcaption>\r\n<\/figure>\r\n\r\n\r\n\r\n<p class=\"wp-block-paragraph\">Fiesta gastron\u00f3mica centrada en la almendra local. Puestos de productos t\u00edpicos, postres y platos elaborados con este fruto seco.<\/p>\r\n\r\n\r\n\r\n<ul class=\"wp-block-list\">\r\n<li><strong>Cu\u00e1ndo:<\/strong> \u00faltimo domingo de septiembre 2026<\/li>\r\n<li><strong>C\u00f3mo llegar:<\/strong> <a href=\"https:\/\/goo.gl\/maps\/GcWpNGQwUwjkJKga8\">ver en Google Maps<\/a><\/li>\r\n<\/ul>\r\n\r\n\r\n\r\n<h2 class=\"wp-block-heading\">\u00bfTe gustar\u00eda pasar unos d\u00edas de septiembre en M\u00e1laga?<\/h2>\r\n\r\n\r\n\r\n<p class=\"wp-block-paragraph\">Hay muchos m\u00e1s eventos y actividades durante este mes, por lo que iremos actualizando esta entrada. Como has podido ver, septiembre ofrece un buen equilibrio de tiempo, playa y ferias tradicionales.<\/p>\r\n\r\n\r\n\r\n<p class=\"wp-block-paragraph\">A la hora de decidir <a href=\"https:\/\/www.malagatransfer.co.uk\/es\/blog\/cuando-visitar-malaga\/\">cu\u00e1ndo visitar M\u00e1laga<\/a> hay un mes para casi todos los gustos. Mientras mucha gente prefiere agosto, otros eligen un t\u00e9rmino medio como septiembre u octubre, y hay quien disfruta especialmente de meses se\u00f1alados como diciembre o Semana Santa.<\/p>\r\n\r\n\r\n\r\n<p class=\"wp-block-paragraph\">Nosotros estamos disponibles las 24 horas durante todo el a\u00f1o para ofrecerte el mejor servicio de <a href=\"https:\/\/www.malagatransfer.co.uk\/es\/\">traslados desde el aeropuerto de M\u00e1laga<\/a> o excursiones. Si te apetece asistir a cualquiera de los eventos que hemos nombrado o a alg\u00fan otro, no dudes en <a href=\"https:\/\/www.malagatransfer.co.uk\/es\/traslados-malaga\/contacto.php\">ponerte en contacto con nosotros<\/a>.<\/p>\r\n","protected":false},"excerpt":{"rendered":"<p>Septiembre en M\u00e1laga es uno de los mejores meses para visitar la Costa del Sol. Las aglomeraciones de agosto se reducen notablemente, las temperaturas se suavizan y el mar sigue estando agradable para ba\u00f1arse. Cada vez m\u00e1s viajeros eligen septiembre precisamente por este equilibrio perfecto entre buen tiempo, playa y ambiente m\u00e1s relajado. \u00bfVas a [&#8230;]<a class=\"read-more\" href=\"https:\/\/www.malagatransfer.co.uk\/es\/blog\/visitar-malaga-en-septiembre\/\">Leer m\u00e1s<\/a><\/p>\n","protected":false},"author":1,"featured_media":1126,"comment_status":"open","ping_status":"open","sticky":false,"template":"","format":"standard","meta":{"footnotes":""},"categories":[6],"tags":[19,17,65],"class_list":["post-1097","post","type-post","status-publish","format-standard","has-post-thumbnail","hentry","category-consejos","tag-actividades","tag-malaga","tag-septiembre"],"yoast_head":"<!-- This site is optimized with the Yoast SEO plugin v28.4 - https:\/\/yoast.com\/product\/yoast-seo-wordpress\/ -->\n<title>M\u00e1laga en septiembre: Las mejores actividades, ferias y consejos<\/title>\n<meta name=\"description\" content=\"\u00bfPiensas visitar M\u00e1laga en septiembre? Entonces puede que esta gu\u00eda te sirva de ayuda con informaci\u00f3n sobre el tiempo, ferias y actividades.\" \/>\n<meta name=\"robots\" content=\"index, follow, max-snippet:-1, max-image-preview:large, max-video-preview:-1\" \/>\n<link rel=\"canonical\" href=\"https:\/\/www.malagatransfer.co.uk\/es\/blog\/visitar-malaga-en-septiembre\/\" \/>\n<meta property=\"og:locale\" content=\"es_ES\" \/>\n<meta property=\"og:type\" content=\"article\" \/>\n<meta property=\"og:title\" content=\"M\u00e1laga en septiembre: Las mejores actividades, ferias y consejos\" \/>\n<meta property=\"og:description\" content=\"\u00bfPiensas visitar M\u00e1laga en septiembre? Entonces puede que esta gu\u00eda te sirva de ayuda con informaci\u00f3n sobre el tiempo, ferias y actividades.\" \/>\n<meta property=\"og:url\" content=\"https:\/\/www.malagatransfer.co.uk\/es\/blog\/visitar-malaga-en-septiembre\/\" \/>\n<meta property=\"og:site_name\" content=\"Blog de Malaga Transfer\" \/>\n<meta property=\"article:publisher\" content=\"https:\/\/www.facebook.com\/Malagatransfer\/\" \/>\n<meta property=\"article:published_time\" content=\"2026-09-01T07:30:12+00:00\" \/>\n<meta property=\"article:modified_time\" content=\"2026-09-02T12:08:48+00:00\" \/>\n<meta property=\"og:image\" content=\"https:\/\/www.malagatransfer.co.uk\/es\/blog\/wp-content\/uploads\/2021\/08\/septiembre-malaga.jpg\" \/>\n\t<meta property=\"og:image:width\" content=\"1200\" \/>\n\t<meta property=\"og:image:height\" content=\"470\" \/>\n\t<meta property=\"og:image:type\" content=\"image\/jpeg\" \/>\n<meta name=\"author\" content=\"malagatransfer\" \/>\n<meta name=\"twitter:label1\" content=\"Escrito por\" \/>\n\t<meta name=\"twitter:data1\" content=\"malagatransfer\" \/>\n\t<meta name=\"twitter:label2\" content=\"Tiempo de lectura\" \/>\n\t<meta name=\"twitter:data2\" content=\"9 minutos\" \/>\n<script type=\"application\/ld+json\" class=\"yoast-schema-graph\">{\"@context\":\"https:\\\/\\\/schema.org\",\"@graph\":[{\"@type\":\"Article\",\"@id\":\"https:\\\/\\\/www.malagatransfer.co.uk\\\/es\\\/blog\\\/visitar-malaga-en-septiembre\\\/#article\",\"isPartOf\":{\"@id\":\"https:\\\/\\\/www.malagatransfer.co.uk\\\/es\\\/blog\\\/visitar-malaga-en-septiembre\\\/\"},\"author\":{\"name\":\"malagatransfer\",\"@id\":\"https:\\\/\\\/www.malagatransfer.co.uk\\\/es\\\/blog\\\/#\\\/schema\\\/person\\\/eb67cfd9cdd50c88005c331d51d1c7ee\"},\"headline\":\"M\u00e1laga en septiembre: Las mejores actividades, ferias y consejos\",\"datePublished\":\"2026-09-01T07:30:12+00:00\",\"dateModified\":\"2026-09-02T12:08:48+00:00\",\"mainEntityOfPage\":{\"@id\":\"https:\\\/\\\/www.malagatransfer.co.uk\\\/es\\\/blog\\\/visitar-malaga-en-septiembre\\\/\"},\"wordCount\":1328,\"commentCount\":0,\"image\":{\"@id\":\"https:\\\/\\\/www.malagatransfer.co.uk\\\/es\\\/blog\\\/visitar-malaga-en-septiembre\\\/#primaryimage\"},\"thumbnailUrl\":\"https:\\\/\\\/www.malagatransfer.co.uk\\\/es\\\/blog\\\/wp-content\\\/uploads\\\/2021\\\/08\\\/septiembre-malaga.jpg\",\"keywords\":[\"actividades\",\"M\u00e1laga\",\"Septiembre\"],\"articleSection\":[\"Consejos\"],\"inLanguage\":\"es\",\"potentialAction\":[{\"@type\":\"CommentAction\",\"name\":\"Comment\",\"target\":[\"https:\\\/\\\/www.malagatransfer.co.uk\\\/es\\\/blog\\\/visitar-malaga-en-septiembre\\\/#respond\"]}]},{\"@type\":\"WebPage\",\"@id\":\"https:\\\/\\\/www.malagatransfer.co.uk\\\/es\\\/blog\\\/visitar-malaga-en-septiembre\\\/\",\"url\":\"https:\\\/\\\/www.malagatransfer.co.uk\\\/es\\\/blog\\\/visitar-malaga-en-septiembre\\\/\",\"name\":\"M\u00e1laga en septiembre: Las mejores actividades, ferias y consejos\",\"isPartOf\":{\"@id\":\"https:\\\/\\\/www.malagatransfer.co.uk\\\/es\\\/blog\\\/#website\"},\"primaryImageOfPage\":{\"@id\":\"https:\\\/\\\/www.malagatransfer.co.uk\\\/es\\\/blog\\\/visitar-malaga-en-septiembre\\\/#primaryimage\"},\"image\":{\"@id\":\"https:\\\/\\\/www.malagatransfer.co.uk\\\/es\\\/blog\\\/visitar-malaga-en-septiembre\\\/#primaryimage\"},\"thumbnailUrl\":\"https:\\\/\\\/www.malagatransfer.co.uk\\\/es\\\/blog\\\/wp-content\\\/uploads\\\/2021\\\/08\\\/septiembre-malaga.jpg\",\"datePublished\":\"2026-09-01T07:30:12+00:00\",\"dateModified\":\"2026-09-02T12:08:48+00:00\",\"author\":{\"@id\":\"https:\\\/\\\/www.malagatransfer.co.uk\\\/es\\\/blog\\\/#\\\/schema\\\/person\\\/eb67cfd9cdd50c88005c331d51d1c7ee\"},\"description\":\"\u00bfPiensas visitar M\u00e1laga en septiembre? Entonces puede que esta gu\u00eda te sirva de ayuda con informaci\u00f3n sobre el tiempo, ferias y actividades.\",\"breadcrumb\":{\"@id\":\"https:\\\/\\\/www.malagatransfer.co.uk\\\/es\\\/blog\\\/visitar-malaga-en-septiembre\\\/#breadcrumb\"},\"inLanguage\":\"es\",\"potentialAction\":[{\"@type\":\"ReadAction\",\"target\":[\"https:\\\/\\\/www.malagatransfer.co.uk\\\/es\\\/blog\\\/visitar-malaga-en-septiembre\\\/\"]}]},{\"@type\":\"ImageObject\",\"inLanguage\":\"es\",\"@id\":\"https:\\\/\\\/www.malagatransfer.co.uk\\\/es\\\/blog\\\/visitar-malaga-en-septiembre\\\/#primaryimage\",\"url\":\"https:\\\/\\\/www.malagatransfer.co.uk\\\/es\\\/blog\\\/wp-content\\\/uploads\\\/2021\\\/08\\\/septiembre-malaga.jpg\",\"contentUrl\":\"https:\\\/\\\/www.malagatransfer.co.uk\\\/es\\\/blog\\\/wp-content\\\/uploads\\\/2021\\\/08\\\/septiembre-malaga.jpg\",\"width\":1200,\"height\":470,\"caption\":\"Visitar M\u00e1laga en septiembre\"},{\"@type\":\"BreadcrumbList\",\"@id\":\"https:\\\/\\\/www.malagatransfer.co.uk\\\/es\\\/blog\\\/visitar-malaga-en-septiembre\\\/#breadcrumb\",\"itemListElement\":[{\"@type\":\"ListItem\",\"position\":1,\"name\":\"Portada\",\"item\":\"https:\\\/\\\/www.malagatransfer.co.uk\\\/es\\\/blog\\\/\"},{\"@type\":\"ListItem\",\"position\":2,\"name\":\"M\u00e1laga en septiembre: Las mejores actividades, ferias y consejos\"}]},{\"@type\":\"WebSite\",\"@id\":\"https:\\\/\\\/www.malagatransfer.co.uk\\\/es\\\/blog\\\/#website\",\"url\":\"https:\\\/\\\/www.malagatransfer.co.uk\\\/es\\\/blog\\\/\",\"name\":\"Blog de Malaga Transfer\",\"description\":\"El blog oficial de Malaga Transfer\",\"potentialAction\":[{\"@type\":\"SearchAction\",\"target\":{\"@type\":\"EntryPoint\",\"urlTemplate\":\"https:\\\/\\\/www.malagatransfer.co.uk\\\/es\\\/blog\\\/?s={search_term_string}\"},\"query-input\":{\"@type\":\"PropertyValueSpecification\",\"valueRequired\":true,\"valueName\":\"search_term_string\"}}],\"inLanguage\":\"es\"},{\"@type\":\"Person\",\"@id\":\"https:\\\/\\\/www.malagatransfer.co.uk\\\/es\\\/blog\\\/#\\\/schema\\\/person\\\/eb67cfd9cdd50c88005c331d51d1c7ee\",\"name\":\"malagatransfer\",\"image\":{\"@type\":\"ImageObject\",\"inLanguage\":\"es\",\"@id\":\"https:\\\/\\\/secure.gravatar.com\\\/avatar\\\/13ffa93f3e7839753bde9745a9d81e6fedfae2225c0b952fb96c99cb59851a23?s=96&d=mm&r=g\",\"url\":\"https:\\\/\\\/secure.gravatar.com\\\/avatar\\\/13ffa93f3e7839753bde9745a9d81e6fedfae2225c0b952fb96c99cb59851a23?s=96&d=mm&r=g\",\"contentUrl\":\"https:\\\/\\\/secure.gravatar.com\\\/avatar\\\/13ffa93f3e7839753bde9745a9d81e6fedfae2225c0b952fb96c99cb59851a23?s=96&d=mm&r=g\",\"caption\":\"malagatransfer\"}}]}<\/script>\n<!-- \/ Yoast SEO plugin. -->","yoast_head_json":{"title":"M\u00e1laga en septiembre: Las mejores actividades, ferias y consejos","description":"\u00bfPiensas visitar M\u00e1laga en septiembre? Entonces puede que esta gu\u00eda te sirva de ayuda con informaci\u00f3n sobre el tiempo, ferias y actividades.","robots":{"index":"index","follow":"follow","max-snippet":"max-snippet:-1","max-image-preview":"max-image-preview:large","max-video-preview":"max-video-preview:-1"},"canonical":"https:\/\/www.malagatransfer.co.uk\/es\/blog\/visitar-malaga-en-septiembre\/","og_locale":"es_ES","og_type":"article","og_title":"M\u00e1laga en septiembre: Las mejores actividades, ferias y consejos","og_description":"\u00bfPiensas visitar M\u00e1laga en septiembre? Entonces puede que esta gu\u00eda te sirva de ayuda con informaci\u00f3n sobre el tiempo, ferias y actividades.","og_url":"https:\/\/www.malagatransfer.co.uk\/es\/blog\/visitar-malaga-en-septiembre\/","og_site_name":"Blog de Malaga Transfer","article_publisher":"https:\/\/www.facebook.com\/Malagatransfer\/","article_published_time":"2026-09-01T07:30:12+00:00","article_modified_time":"2026-09-02T12:08:48+00:00","og_image":[{"width":1200,"height":470,"url":"https:\/\/www.malagatransfer.co.uk\/es\/blog\/wp-content\/uploads\/2021\/08\/septiembre-malaga.jpg","type":"image\/jpeg"}],"author":"malagatransfer","twitter_misc":{"Escrito por":"malagatransfer","Tiempo de lectura":"9 minutos"},"schema":{"@context":"https:\/\/schema.org","@graph":[{"@type":"Article","@id":"https:\/\/www.malagatransfer.co.uk\/es\/blog\/visitar-malaga-en-septiembre\/#article","isPartOf":{"@id":"https:\/\/www.malagatransfer.co.uk\/es\/blog\/visitar-malaga-en-septiembre\/"},"author":{"name":"malagatransfer","@id":"https:\/\/www.malagatransfer.co.uk\/es\/blog\/#\/schema\/person\/eb67cfd9cdd50c88005c331d51d1c7ee"},"headline":"M\u00e1laga en septiembre: Las mejores actividades, ferias y consejos","datePublished":"2026-09-01T07:30:12+00:00","dateModified":"2026-09-02T12:08:48+00:00","mainEntityOfPage":{"@id":"https:\/\/www.malagatransfer.co.uk\/es\/blog\/visitar-malaga-en-septiembre\/"},"wordCount":1328,"commentCount":0,"image":{"@id":"https:\/\/www.malagatransfer.co.uk\/es\/blog\/visitar-malaga-en-septiembre\/#primaryimage"},"thumbnailUrl":"https:\/\/www.malagatransfer.co.uk\/es\/blog\/wp-content\/uploads\/2021\/08\/septiembre-malaga.jpg","keywords":["actividades","M\u00e1laga","Septiembre"],"articleSection":["Consejos"],"inLanguage":"es","potentialAction":[{"@type":"CommentAction","name":"Comment","target":["https:\/\/www.malagatransfer.co.uk\/es\/blog\/visitar-malaga-en-septiembre\/#respond"]}]},{"@type":"WebPage","@id":"https:\/\/www.malagatransfer.co.uk\/es\/blog\/visitar-malaga-en-septiembre\/","url":"https:\/\/www.malagatransfer.co.uk\/es\/blog\/visitar-malaga-en-septiembre\/","name":"M\u00e1laga en septiembre: Las mejores actividades, ferias y consejos","isPartOf":{"@id":"https:\/\/www.malagatransfer.co.uk\/es\/blog\/#website"},"primaryImageOfPage":{"@id":"https:\/\/www.malagatransfer.co.uk\/es\/blog\/visitar-malaga-en-septiembre\/#primaryimage"},"image":{"@id":"https:\/\/www.malagatransfer.co.uk\/es\/blog\/visitar-malaga-en-septiembre\/#primaryimage"},"thumbnailUrl":"https:\/\/www.malagatransfer.co.uk\/es\/blog\/wp-content\/uploads\/2021\/08\/septiembre-malaga.jpg","datePublished":"2026-09-01T07:30:12+00:00","dateModified":"2026-09-02T12:08:48+00:00","author":{"@id":"https:\/\/www.malagatransfer.co.uk\/es\/blog\/#\/schema\/person\/eb67cfd9cdd50c88005c331d51d1c7ee"},"description":"\u00bfPiensas visitar M\u00e1laga en septiembre? Entonces puede que esta gu\u00eda te sirva de ayuda con informaci\u00f3n sobre el tiempo, ferias y actividades.","breadcrumb":{"@id":"https:\/\/www.malagatransfer.co.uk\/es\/blog\/visitar-malaga-en-septiembre\/#breadcrumb"},"inLanguage":"es","potentialAction":[{"@type":"ReadAction","target":["https:\/\/www.malagatransfer.co.uk\/es\/blog\/visitar-malaga-en-septiembre\/"]}]},{"@type":"ImageObject","inLanguage":"es","@id":"https:\/\/www.malagatransfer.co.uk\/es\/blog\/visitar-malaga-en-septiembre\/#primaryimage","url":"https:\/\/www.malagatransfer.co.uk\/es\/blog\/wp-content\/uploads\/2021\/08\/septiembre-malaga.jpg","contentUrl":"https:\/\/www.malagatransfer.co.uk\/es\/blog\/wp-content\/uploads\/2021\/08\/septiembre-malaga.jpg","width":1200,"height":470,"caption":"Visitar M\u00e1laga en septiembre"},{"@type":"BreadcrumbList","@id":"https:\/\/www.malagatransfer.co.uk\/es\/blog\/visitar-malaga-en-septiembre\/#breadcrumb","itemListElement":[{"@type":"ListItem","position":1,"name":"Portada","item":"https:\/\/www.malagatransfer.co.uk\/es\/blog\/"},{"@type":"ListItem","position":2,"name":"M\u00e1laga en septiembre: Las mejores actividades, ferias y consejos"}]},{"@type":"WebSite","@id":"https:\/\/www.malagatransfer.co.uk\/es\/blog\/#website","url":"https:\/\/www.malagatransfer.co.uk\/es\/blog\/","name":"Blog de Malaga Transfer","description":"El blog oficial de Malaga Transfer","potentialAction":[{"@type":"SearchAction","target":{"@type":"EntryPoint","urlTemplate":"https:\/\/www.malagatransfer.co.uk\/es\/blog\/?s={search_term_string}"},"query-input":{"@type":"PropertyValueSpecification","valueRequired":true,"valueName":"search_term_string"}}],"inLanguage":"es"},{"@type":"Person","@id":"https:\/\/www.malagatransfer.co.uk\/es\/blog\/#\/schema\/person\/eb67cfd9cdd50c88005c331d51d1c7ee","name":"malagatransfer","image":{"@type":"ImageObject","inLanguage":"es","@id":"https:\/\/secure.gravatar.com\/avatar\/13ffa93f3e7839753bde9745a9d81e6fedfae2225c0b952fb96c99cb59851a23?s=96&d=mm&r=g","url":"https:\/\/secure.gravatar.com\/avatar\/13ffa93f3e7839753bde9745a9d81e6fedfae2225c0b952fb96c99cb59851a23?s=96&d=mm&r=g","contentUrl":"https:\/\/secure.gravatar.com\/avatar\/13ffa93f3e7839753bde9745a9d81e6fedfae2225c0b952fb96c99cb59851a23?s=96&d=mm&r=g","caption":"malagatransfer"}}]}},"_links":{"self":[{"href":"https:\/\/www.malagatransfer.co.uk\/es\/blog\/wp-json\/wp\/v2\/posts\/1097","targetHints":{"allow":["GET"]}}],"collection":[{"href":"https:\/\/www.malagatransfer.co.uk\/es\/blog\/wp-json\/wp\/v2\/posts"}],"about":[{"href":"https:\/\/www.malagatransfer.co.uk\/es\/blog\/wp-json\/wp\/v2\/types\/post"}],"author":[{"embeddable":true,"href":"https:\/\/www.malagatransfer.co.uk\/es\/blog\/wp-json\/wp\/v2\/users\/1"}],"replies":[{"embeddable":true,"href":"https:\/\/www.malagatransfer.co.uk\/es\/blog\/wp-json\/wp\/v2\/comments?post=1097"}],"version-history":[{"count":45,"href":"https:\/\/www.malagatransfer.co.uk\/es\/blog\/wp-json\/wp\/v2\/posts\/1097\/revisions"}],"predecessor-version":[{"id":2787,"href":"https:\/\/www.malagatransfer.co.uk\/es\/blog\/wp-json\/wp\/v2\/posts\/1097\/revisions\/2787"}],"wp:featuredmedia":[{"embeddable":true,"href":"https:\/\/www.malagatransfer.co.uk\/es\/blog\/wp-json\/wp\/v2\/media\/1126"}],"wp:attachment":[{"href":"https:\/\/www.malagatransfer.co.uk\/es\/blog\/wp-json\/wp\/v2\/media?parent=1097"}],"wp:term":[{"taxonomy":"category","embeddable":true,"href":"https:\/\/www.malagatransfer.co.uk\/es\/blog\/wp-json\/wp\/v2\/categories?post=1097"},{"taxonomy":"post_tag","embeddable":true,"href":"https:\/\/www.malagatransfer.co.uk\/es\/blog\/wp-json\/wp\/v2\/tags?post=1097"}],"curies":[{"name":"wp","href":"https:\/\/api.w.org\/{rel}","templated":true}]}}