{"id":922,"date":"2023-11-20T16:18:15","date_gmt":"2023-11-20T15:18:15","guid":{"rendered":"https:\/\/www.malagatransfer.co.uk\/de\/blog\/?p=922"},"modified":"2023-11-20T16:18:15","modified_gmt":"2023-11-20T15:18:15","slug":"geschichte-von-marbella","status":"publish","type":"post","link":"https:\/\/www.malagatransfer.co.uk\/de\/blog\/geschichte-von-marbella\/","title":{"rendered":"Geschichte von Marbella: Ein unvergesslicher Besuch"},"content":{"rendered":"<p>Willkommen in <a href=\"https:\/\/www.malagatransfer.co.uk\/de\/blog\/besuch-in-marbella\/\">Marbella<\/a>, einem bezaubernden Juwel an der spanischen K\u00fcste. In dieser Einf\u00fchrung zeichnen wir ein kurzes, aber lebhaftes Bild von Marbellas Anziehungskraft als faszinierendes Touristenziel. Die sonnenverw\u00f6hnten Str\u00e4nde der Stadt und ihre lebendige Kulturszene bilden die Kulisse f\u00fcr ein unvergessliches Erlebnis. Doch hinter den modernen Prachtst\u00fccken verbirgt sich ein verborgener Schatz an Geschichte in Marbella, der darauf wartet, entdeckt zu werden.<\/p>\n<p>Wenn Sie in Marbellas Vergangenheit eintauchen, vertieft sich die Intrige und enth\u00fcllt eine Erz\u00e4hlung, die mit alten Geschichten von Zivilisationen und Eroberern verwoben ist. Die \u00dcberreste r\u00f6mischer und maurischer Einfl\u00fcsse fl\u00fcstern Geheimnisse einer vergangenen \u00c4ra. Begleiten Sie uns auf einer Reise durch die Zeit. Jeder Kopfstein und historische Ort erz\u00e4hlt eine Geschichte. Sie laden Sie ein, Marbellas faszinierende Geschichte zu entwirren. Lassen Sie die Erkundung beginnen. Die Stadt enth\u00fcllt fesselnde Geschichten. Diese Geschichten haben ihre Identit\u00e4t \u00fcber die Jahrhunderte geformt.<\/p>\n<h2>Die fr\u00fchen Tage von Marbella<\/h2>\n<p>Auf einer Reise durch die Zeit entfaltet sich Marbellas reiche Geschichte von pr\u00e4historischen R\u00e4tseln bis zur ph\u00f6nizischen \u00c4ra. Die Urspr\u00fcnge der Stadt, die bis in die paleolithische und neolithische Zeit zur\u00fcckreichen, zeigen sich in arch\u00e4ologischen Wundern wie dem Coto de Correa in Las Chapas und der neolithischen H\u00f6hle von Pecho Redondo am Fu\u00dfe der Sierra Blanca.<\/p>\n<p><strong>Pr\u00e4historie:<\/strong> Die \u00dcberreste pr\u00e4historischen Lebens, entdeckt an Orten wie Coto de Correa und der H\u00f6hle von Pecho Redondo, verbinden uns mit Marbellas antiker Vergangenheit. Von der Altsteinzeit bis zur Jungsteinzeit erz\u00e4hlen diese St\u00e4tten Geschichten \u00fcber das fr\u00fche menschliche Dasein und pr\u00e4gen die Grundlagen dessen, was die faszinierende Stadt, die wir heute kennen, werden w\u00fcrde.<\/p>\n<p>Tauchen Sie in die Geschichte von Marbella ein und erkunden Sie diese fesselnden Orte, die die faszinierende Reise der Stadt durch die Zeit verk\u00f6rpern:<\/p>\n<ul>\n<li><strong>Coto de Correa (pr\u00e4historischer Ort):<\/strong> Coto de Correa ist ein Ort in Las Chapas, Marbella, an dem \u00dcberreste aus der Altsteinzeit entdeckt wurden. Obwohl online nur begrenzte Informationen zu diesem Ort verf\u00fcgbar sind, k\u00f6nnte ein Besuch Einblicke in die fr\u00fchen Siedlungen in der Umgebung bieten. (<a href=\"https:\/\/maps.app.goo.gl\/u4Feu6F248wQAah99\">Karte<\/a>)<\/li>\n<li><strong>Pecho Redondo Cave (Neolithikum):<\/strong> Im Gebirgsfu\u00df der Sierra Blanca in Marbella gelegen, hat die Pecho Redondo Cave Artefakte aus der neolithischen Zeit offenbart und deutet auf eine alte Besiedlung in der Region hin. Dar\u00fcber hinaus verf\u00fcgt die H\u00f6hle \u00fcber wertvolle Felsmalereien, die dieser pr\u00e4historischen St\u00e4tte eine zus\u00e4tzliche historische Bedeutung verleihen. Pecho Redondo ist nicht nur die einzige pr\u00e4historische H\u00f6hle in Marbella; weiter oben haben wir die Schutzh\u00fctten von Puerto Rico, wo Neandertaler\u00fcberreste entdeckt wurden. (<a href=\"https:\/\/www.surinenglish.com\/malaga\/marbella-san-pedro\/this-the-marbella-cave-hiding-palaeolithic-paintings-20231011202909-nt.html\" target=\"_blank\" rel=\"noopener\">+ Info<\/a>)<\/li>\n<\/ul>\n<p><strong>Ph\u00f6nizische \u00c4ra:<\/strong> Die Ph\u00f6nizier, seefahrende Pioniere des \u00f6stlichen Mittelmeers, hinterlie\u00dfen einen unausl\u00f6schlichen Eindruck in Marbella. Cerro Torro war ein zentraler Punkt f\u00fcr den Handel zwischen libanesischen H\u00e4ndlern und einheimischen Iberern. Es war wahrscheinlich eine kommerzielle Verbindung zwischen dem iberischen Enklaven in Cerro Torron und der ph\u00f6nizischen Fabrik am Mund des R\u00edo Real.<\/p>\n<h2>Marbellas r\u00f6misches Erbe: Enth\u00fcllung alter Wunder<\/h2>\n<p>Die Entwicklung von Marbella entfaltete sich mit den R\u00f6mern, die die Stadt strategisch entlang der V\u00eda Augusta positionierten. \u00dcberreste wie die Guadalmina Thermalb\u00e4der und die r\u00f6mische Villa von R\u00edo Verde, eingebettet am Meer im Westen, zeigen den r\u00f6mischen Glanz der Stadt. Die Villa, einst Teil der ausgedehnten r\u00f6mischen Stadt Cilniana, weist einzigartige schwarz-wei\u00dfe Mosaikmuster auf. Obwohl nur Fragmente \u00fcbrig sind, finden die bei arch\u00e4ologischen Ausgrabungen entdeckten Artefakte nun im Museum von M\u00e1laga ihr Zuhause.<\/p>\n<h3>Guadalmina Thermalb\u00e4der<\/h3>\n<p>Die r\u00f6mischen Thermalb\u00e4der von Guadalmina, lokal als Las B\u00f3vedas bekannt, stehen als Ruinen eines kleinen Komplexes r\u00f6mischer B\u00e4der in Marbella. In der N\u00e4he des Strandes gelegen, bestehen diese B\u00e4der aus sieben steinernen R\u00e4umen in achteckiger Form, die wahrscheinlich auf das 2. oder 3. Jahrhundert n. Chr. zur\u00fcckgehen. Im 17. Jahrhundert entdeckt und 1926 ordnungsgem\u00e4\u00df ausgegraben, wurden die Guadalmina Thermalb\u00e4der 2007 als Kulturst\u00e4tte von Interesse eingestuft. (<a href=\"https:\/\/maps.app.goo.gl\/sssuuCAbtfdCuAvVA\">Karte<\/a>)<\/p>\n<p><img loading=\"lazy\" decoding=\"async\" class=\"aligncenter size-full wp-image-1512\" src=\"https:\/\/www.malagatransfer.co.uk\/blog\/wp-content\/uploads\/2023\/11\/roman-baths-marbella.jpg\" alt=\"Thermal Baths in Marbella\" width=\"1200\" height=\"639\" \/><\/p>\n<h3>R\u00f6mische Villa von R\u00edo Verde<\/h3>\n<p>Die R\u00f6mische Villa von R\u00edo Verde war ein r\u00f6misches Haus und eine Villa aus dem 1. bis 2. Jahrhundert n. Chr. in Marbella, Spanien. Heute ist das Highlight eines Besuchs der R\u00f6mischen Villa von R\u00edo Verde die beeindruckenden r\u00f6mischen Mosaiken, die haupts\u00e4chlich kulinarische und religi\u00f6se Szenen darstellen. Diese Mosaiken, bestehend aus komplexen Mustern von schwarz-wei\u00dfen Fliesen, haben in wirklich ausgezeichnetem Zustand \u00fcberlebt. Einst Teil der gro\u00dfartigen r\u00f6mischen Stadt Cilniana, sind heute nur noch die \u00dcberreste einer r\u00f6mischen Villa aus dem 1. Jahrhundert n. Chr. vorhanden, aber die ber\u00fchmten und komplexen Mosaikb\u00f6den machen die St\u00e4tte zu einem Denkmal f\u00fcr sich. Entdeckt wurde sie 1961 von Carlos Posac Mon und Fernando Alcala und bietet einen fesselnden Einblick in die r\u00f6mische Vergangenheit von Marbella.<\/p>\n<p>Standort und Bewertungen: <a href=\"https:\/\/maps.app.goo.gl\/UsHMkwE8yGYZd8Lc9\" target=\"_blank\" rel=\"noopener\">https:\/\/maps.app.goo.gl\/UsHMkwE8yGYZd8Lc9<\/a><\/p>\n<h2>Das westgotische Erbe: Enth\u00fcllung verborgener Sch\u00e4tze in Marbella<\/h2>\n<p>Obwohl die westgotische Periode in Marbella vielleicht keine prominenten Monumente vorweisen kann, bieten versteckte Juwelen wie die Basilika von Vega del Mar faszinierende Einblicke in diese r\u00e4tselhafte \u00c4ra.<\/p>\n<h3>Basilika von Vega del Mar<\/h3>\n<p>Die Basilika von Vega del Mar ist ein Zeugnis des westgotischen Erbes von Marbella. Diese arch\u00e4ologische St\u00e4tte, auch als &#8222;Basilika del Mar&#8220; bekannt, enth\u00fcllt die \u00dcberreste einer westgotischen Basilika und bietet eine greifbare Verbindung zu dieser faszinierenden Periode. Entdeckt im 20. Jahrhundert w\u00e4hrend Bauarbeiten, unterstreicht die Existenz der Basilika die Bedeutung der Westgoten in Marbellas Geschichte.<\/p>\n<p>In der Gegend von Vega del Mar gelegen, bietet dieses versteckte Juwel eine einzigartige Gelegenheit, die westgotische Architektur zu erkunden. Obwohl die Struktur nicht vollst\u00e4ndig erhalten ist, zeigen die Grundlagen der Basilika und einige W\u00e4nde das architektonische K\u00f6nnen der Westgoten und lassen die Besucher das Handwerk dieser antiken St\u00e4tte bestaunen.<\/p>\n<p>Marbellas westgotisches Erbe bleibt etwas r\u00e4tselhaft, wobei die Basilika von Vega del Mar als seltene greifbare Erinnerung steht. Die Herausforderung besteht darin, zus\u00e4tzliche Spuren dieser Periode zu finden und die arch\u00e4ologische Erkundung fortzusetzen, um eine umfassendere Erz\u00e4hlung zusammenzusetzen.<\/p>\n<p>Standort:\u00a0 <a href=\"https:\/\/maps.app.goo.gl\/bQFF1o8B5ttBPsir9\" target=\"_blank\" rel=\"noopener\">https:\/\/maps.app.goo.gl\/bQFF1o8B5ttBPsir9<\/a><\/p>\n<p><iframe loading=\"lazy\" title=\"Bas\u00edlica de la Vega del Mar y Termas Romanas, S. Pedro de Alc\u00e1ntara. M\u00e1laga\" width=\"750\" height=\"422\" src=\"https:\/\/www.youtube.com\/embed\/4fKs-DRqXOQ?feature=oembed\" frameborder=\"0\" allow=\"accelerometer; autoplay; clipboard-write; encrypted-media; gyroscope; picture-in-picture; web-share\" allowfullscreen><\/iframe><\/p>\n<h2>Die muslimische \u00c4ra in der Geschichte von Marbella<\/h2>\n<p>In der Epoche der muslimischen Herrschaft erlebte Marbella eine tiefgreifende Transformation, die ihre kulturelle und architektonische Identit\u00e4t aufwendig pr\u00e4gte. Diese \u00c4ra, gepr\u00e4gt von einem reichen Zusammenspiel von Einfl\u00fcssen, spielte eine entscheidende Rolle bei der Ausformung des unverwechselbaren Charakters von Marbella.<\/p>\n<h3>Der Beginn der muslimischen Herrschaft<\/h3>\n<p>W\u00e4hrend des fr\u00fchen Mittelalters schloss sich Marbella dem ausgedehnten Reich der muslimischen Herrschaft an. Dies leitete ein Kapitel ein, das mehrere Jahrhunderte umspannte. Als wichtiger Au\u00dfenposten in Al-Andalus bl\u00fchte Marbella auf. Der islamische Staat gedieh auf der gesamten iberischen Halbinsel. Marbella wurde zu einem dynamischen Zentrum f\u00fcr Handel, Kunst und Wissenschaft. Heute lebt das Erbe dieser Periode in Marbellas Kultur weiter und tr\u00e4gt die unverkennbaren Spuren ihrer islamischen Vergangenheit.<\/p>\n<h3>Architektonischer Glanz und kulturelle Fusion<\/h3>\n<p>Unter dem Mantel der muslimischen Herrschaft durchlief das architektonische Panorama Marbellas eine tiefgreifende Metamorphose. Die Stadtsilhouette schm\u00fcckte sich mit Strukturen, die von komplexen Designs und geometrischen Mustern gepr\u00e4gt waren, die mit der islamischen Kunst gleichzusetzen sind. Von majest\u00e4tischen Moscheen bis zu opulenten Pal\u00e4sten standen diese Geb\u00e4ude als Zeugnis f\u00fcr den Wohlstand der Stadt und das fortgeschrittene ingenieurtechnische K\u00f6nnen der Epoche.<\/p>\n<p>Gleichzeitig entwickelte sich Marbella zu einem kulturellen Schmelztiegel, der nahtlos die vielf\u00e4ltigen Einfl\u00fcsse der islamischen Zivilisation integrierte. In dieser Zeit gab es erhebliche Fortschritte in Literatur, Wissenschaft und Philosophie, was ein intellektuelles Klima f\u00f6rderte, das einen bleibenden Einfluss auf die k\u00fcnstlerischen und wissenschaftlichen Bestrebungen der Stadt hinterlie\u00df. Spazierg\u00e4nge durch die Stra\u00dfen von Marbella in der Gegenwart spiegeln dieses reiche muslimische Erbe wider und bieten Einblicke in eine \u00c4ra, in der die Stadt als lebendiges Zentrum des kulturellen Austauschs und intellektueller Diskurse gedieh.<\/p>\n<ul>\n<li><strong>Burgmauern:<\/strong> Eine bemerkenswerte Erinnerung an die Vergangenheit der Stadt: Die Burgmauern sind ein beeindruckendes Zeugnis der Geschichte der Stadt. In der historischen Altstadt gelegen, waren diese Mauern einst Teil einer alten arabischen Burg aus dem 11. Jahrhundert. Obwohl einige Abschnitte der Mauern restauriert wurden, hat dieser Ort immense lokale Bedeutung. (<a href=\"https:\/\/maps.app.goo.gl\/5VM4GZyWVj6NX2pz7\" target=\"_blank\" rel=\"noopener\">Karte<\/a>)<\/li>\n<li><strong>Festung Cerro Torron:<\/strong> Die Festung Cerro Torron, eingebettet im Herzen von Marbella, steht als stummer Zeuge der Pracht der muslimischen \u00c4ra der Stadt. In diesem Zeitraum, vom 8. bis zum 15. Jahrhundert, spielte die Festung eine entscheidende Rolle in der Verteidigung und strategischen Positionierung von Marbella. (<a href=\"https:\/\/maps.app.goo.gl\/3BUx3ge4KoshwBXs9\" target=\"_blank\" rel=\"noopener\">Karte<\/a>)<\/li>\n<\/ul>\n<h4>Wacht\u00fcrme von Marbella: W\u00e4chter entlang der K\u00fcste<\/h4>\n<p>Entlang der K\u00fcste gebaut, um gegen Eindringlinge zu \u00fcberwachen und zu sch\u00fctzen, stehen die Wacht\u00fcrme von Marbella als beeindruckende Symbole historischer Verteidigung. Hier ist eine Liste einiger Wacht\u00fcrme, die \u00fcber Marbella verstreut sind:<\/p>\n<ul>\n<li><strong>Torre Ladrones (Diebesturm):<\/strong> In den D\u00fcnen von Artola, in der N\u00e4he des Cabopino-Hafens gelegen, f\u00fchrt dieser quadratische Turm seine Urspr\u00fcnge auf die muslimische \u00c4ra zur\u00fcck. Als stummer W\u00e4chter mit einer bewegten Vergangenheit hat der Torre Ladrones das Kommen und Gehen der Zeit entlang von Marbellas K\u00fcsten miterlebt. (<a href=\"https:\/\/maps.app.goo.gl\/hMkfZNDdxNZ2cX8D9\" target=\"_blank\" rel=\"noopener\">Karte<\/a>)<\/li>\n<li><strong>Torre\u00f3n del Lance de las Ca\u00f1as:<\/strong> Ein weiterer bedeutender Wachturm in Marbella, der Torre\u00f3n del Lance de las Ca\u00f1as, hat still \u00fcber die K\u00fcstenlandschaft gewacht. (<a href=\"https:\/\/maps.app.goo.gl\/4fSDws9KhXZNGf4t7\" target=\"_blank\" rel=\"noopener\">Karte<\/a>)<\/li>\n<li><strong>Torre del R\u00edo Real:<\/strong> In der N\u00e4he des R\u00edo Real gelegen, diente dieser Wachturm als W\u00e4chter entlang der Flussufer und trug zur umfassenden Verteidigungsstrategie von Marbella bei. (<a href=\"https:\/\/maps.app.goo.gl\/hMPTpTdS7thSz2of8\" target=\"_blank\" rel=\"noopener\">Karte<\/a>)<\/li>\n<li><strong>Torre del Anc\u00f3n:<\/strong> Die Gegend El Anc\u00f3n bewachend, ist die Torre del Anc\u00f3n ein Zeugnis f\u00fcr die strategische Platzierung von Verteidigungsstrukturen in Marbella. (<a href=\"https:\/\/maps.app.goo.gl\/RbSXAwQTFFc17fBZ9\" target=\"_blank\" rel=\"noopener\">Karte<\/a>)<\/li>\n<li><strong>Torre del Duque:<\/strong> Im Gebiet El Duque gelegen, f\u00fcgt die Torre del Duque eine weitere Schicht zu den K\u00fcstenverteidigungen von Marbella hinzu und zeigt das historische Engagement der Stadt f\u00fcr den Schutz ihrer K\u00fcsten. (<a href=\"https:\/\/maps.app.goo.gl\/zM3Tr29GuiW21E536\" target=\"_blank\" rel=\"noopener\">Karte<\/a>)<\/li>\n<li><strong>Torre de las B\u00f3vedas (Turm der Gew\u00f6lbe):<\/strong> In der N\u00e4he der Festung Cerro Torr\u00f3n gelegen, ist die Torre de las B\u00f3vedas ein stiller Begleiter des arch\u00e4ologischen Wunders und tr\u00e4gt zum vielschichtigen Verteidigungsnetzwerk von Marbella bei. (<a href=\"https:\/\/maps.app.goo.gl\/9wbJ4T7jdDXQ3cLw6\" target=\"_blank\" rel=\"noopener\">Karte<\/a>)<\/li>\n<\/ul>\n<h2>Die Reconquista und dar\u00fcber hinaus<\/h2>\n<p>Die Reconquista, die sich vom 8. bis zum 15. Jahrhundert erstreckte, entfaltete sich, als christliche K\u00f6nigreiche versuchten, Gebiete unter islamischer Herrschaft zur\u00fcckzuerobern. Marbella wurde in diesem Kampf zu einem entscheidenden Schlachtfeld und erlebte im Laufe der Jahrhunderte Verschiebungen in Loyalit\u00e4t und Machtverh\u00e4ltnissen.<\/p>\n<p>Die strategische Lage Marbellas an der S\u00fcdk\u00fcste der iberischen Halbinsel machte es zu einer begehrten Troph\u00e4e f\u00fcr sowohl islamische als auch christliche Kr\u00e4fte. Die herausragende Stellung der Stadt als Handelszentrum und ihre gut befestigten Strukturen erh\u00f6hten ihre Bedeutung w\u00e4hrend dieser turbulenten Zeit.<\/p>\n<p>Marbellas Reise endete nicht mit der Reconquista. Die darauf folgenden Jahrhunderte sahen die Entwicklung der Stadt zu einem bl\u00fchenden mediterranen Enklaven, die zum kulturellen Mosaik Spaniens beitrug. Heute steht Marbella als lebendiges Zeugnis f\u00fcr seine anhaltende Rolle bei der Gestaltung der historischen Erz\u00e4hlung einer Nation.<\/p>\n<h3>Plaza de los Naranjos<\/h3>\n<p>Begib dich auf eine Reise durch die Zeit im Herzen der Altstadt von Marbella, wo sich die Plaza de los Naranjos in ihrer Geschichte entfaltet, die im 15. Jahrhundert w\u00e4hrend der muslimischen Herrschaft der Stadt ihren Ursprung hat. Urspr\u00fcnglich als Plaza Mayor bekannt, wurde sie schnell zu einem lebhaften Zentrum f\u00fcr Handel, Festlichkeiten und gemeinschaftliche Zusammenk\u00fcnfte.<\/p>\n<p><img loading=\"lazy\" decoding=\"async\" class=\"aligncenter size-full wp-image-1521\" src=\"https:\/\/www.malagatransfer.co.uk\/blog\/wp-content\/uploads\/2023\/11\/plaza-naranjos-marbella.jpg\" alt=\"Plaza de los Naranjos\" width=\"1509\" height=\"771\" \/><\/p>\n<p>Von Geschichte durchtr\u00e4nkt, erhielt der Platz w\u00e4hrend der muslimischen \u00c4ra seinen heutigen Namen &#8222;Plaza de los Naranjos&#8220; aufgrund der bl\u00fchenden Zitrusb\u00e4ume, die den Raum schm\u00fcckten. Die architektonische Fusion von islamischem und Renaissancestil in den umliegenden Geb\u00e4uden schafft eine harmonische und charakteristische Atmosph\u00e4re.<\/p>\n<h4>Zeuge der Geschichte Marbellas<\/h4>\n<p>Im Laufe der Geschichte Marbellas hat die Plaza de los Naranjos als stummer Zeuge bedeutender Ereignisse von der Reconquista bis zur anschlie\u00dfenden christlichen \u00c4ra gestanden. Im Laufe der Zeit entwickelte sich der Platz zu einem sozialen und kommerziellen Mittelpunkt, der Marbellas dynamischen Charakter effektiv widerspiegelt.<\/p>\n<p>Umgeben von ikonischen Sehensw\u00fcrdigkeiten wie dem Rathaus, dem Alten Gouverneurshaus und der Kapelle Santiago strahlt der Platz einen zeitlosen Charme aus. Bl\u00fchende Orangenb\u00e4ume durchdringen die Luft und bieten eine angenehme Atmosph\u00e4re f\u00fcr Einheimische und Besucher gleicherma\u00dfen.<\/p>\n<p>Der Platz ist von charakteristischen andalusischen wei\u00dfen H\u00e4usern und drei historischen Geb\u00e4uden umrahmt:<\/p>\n<ul>\n<li>Das Rathaus, auch als Stadtrat bekannt, wurde im sp\u00e4ten 16. Jahrhundert erbaut.<\/li>\n<li>Das Haus des Corregidors.<\/li>\n<li>Die Eremitage Santiago, das \u00e4lteste religi\u00f6se Tempel Marbellas.<\/li>\n<\/ul>\n<p>In der Mitte des Platzes, umgeben von Orangenb\u00e4umen, steht ein Renaissancebrunnen. Seit seiner Errichtung ist die Plaza de los Naranjos, die einst das Gef\u00e4ngnis und das Kornhaus beherbergte, zum Epizentrum der administrativen und b\u00fcrgerlichen Macht der Stadt geworden.<\/p>\n<h4>Ein Treffpunkt heute<\/h4>\n<p>Heute bleibt die Plaza de los Naranjos ein lebendiges kulturelles Zentrum und ein Treffpunkt f\u00fcr Einwohner und Touristen. Ges\u00e4umt von charmanten Caf\u00e9s, Restaurants und lebhaften Gesch\u00e4ften verbindet der Platz nahtlos historischen Charme mit moderner Vitalit\u00e4t.<\/p>\n<p>Jenseits seiner physischen Pr\u00e4senz symbolisiert die Plaza de los Naranjos die Identit\u00e4t Marbellas und bewahrt die Echos seiner vielf\u00e4ltigen Vergangenheit. Ob man unter dem Schatten von Zitrusb\u00e4umen schlendert oder in einem gem\u00fctlichen Caf\u00e9 Kaffee trinkt, k\u00f6nnen Besucher in diesem lebendigen und malerischen Platz die Geschichte der Stadt erleben.<\/p>\n<p>Standort: <a href=\"https:\/\/maps.app.goo.gl\/R6D1H3ZGLUZWaGWV6\" target=\"_blank\" rel=\"noopener\">https:\/\/maps.app.goo.gl\/R6D1H3ZGLUZWaGWV6<\/a><\/p>\n<h2>Marbella erwartet Sie<\/h2>\n<p>F\u00fcr den neugierigen Reisenden bietet Marbella eine herzliche Einladung, in die Vergangenheit zur\u00fcckzukehren und die Schichten seiner faszinierenden Geschichte zu erkunden. Schlendern Sie durch die engen Gassen der Altstadt, wo die Echoes muslimischer, christlicher und westgotischer Einfl\u00fcsse verweilen. Treten Sie vor die \u00dcberreste alter Festungen, wobei jeder Stein Geschichten von Eroberung und Widerstand fl\u00fcstert.<\/p>\n<p>Marbella war einst ein kultureller Kreuzungspunkt, an dem ph\u00f6nizische H\u00e4ndler mit iberischen Einheimischen handelten. Jetzt ist es ein modernes Refugium, das den Charme der Antike mit zeitgen\u00f6ssischem Luxus verbindet. Entdecken Sie arch\u00e4ologische Wunder wie die Festung Cerro Torr\u00f3n. Entdecken Sie die entlang der K\u00fcste verstreuten Wacht\u00fcrme. Jeder von ihnen erz\u00e4hlt eine einzigartige Geschichte im komplexen Teppich Marbellas.<\/p>\n<p><img loading=\"lazy\" decoding=\"async\" class=\"aligncenter size-full wp-image-1517\" src=\"https:\/\/www.malagatransfer.co.uk\/blog\/wp-content\/uploads\/2023\/11\/typical-street-marbella.jpg\" alt=\"MArbella typical street\" width=\"1200\" height=\"639\" \/><\/p>\n<p>Marbella mit seinen von der Sonne verw\u00f6hnten Str\u00e4nden und historischen Sch\u00e4tzen erwartet Sie gespannt. Es sucht diejenigen, die nicht nur einen Urlaub, sondern eine Reise durch die Zeit w\u00fcnschen. Umarmen Sie die Geschichte Marbellas. Schlendern Sie durch alte Stra\u00dfen. Lassen Sie die Geschichte Marbellas vor Ihren Augen entfalten. Es ist eine Geschichte, die darauf wartet, erkundet und erlebt zu werden.<\/p>\n<p>Schlie\u00dflich, w\u00e4hrend Sie Ihren Besuch im reizenden Marbella planen, sind wir darauf bedacht, sicherzustellen, dass Ihre Ankunft so komfortabel ist wie Ihr Aufenthalt. Unser <a href=\"https:\/\/www.malagatransfer.co.uk\/de\/flughafen-malaga\/marbella.php\">Malaga Flughafentransfer nach Marbella<\/a> Service ist sorgf\u00e4ltig darauf ausgerichtet, Ihnen eine problemlose Reise von Anfang an zu bieten.<\/p>\n","protected":false},"excerpt":{"rendered":"<p>Willkommen in Marbella, einem bezaubernden Juwel an der spanischen K\u00fcste. In dieser Einf\u00fchrung zeichnen wir ein kurzes, aber lebhaftes Bild von Marbellas Anziehungskraft als faszinierendes Touristenziel. Die sonnenverw\u00f6hnten Str\u00e4nde der Stadt und ihre lebendige Kulturszene bilden die Kulisse f\u00fcr ein unvergessliches Erlebnis. Doch hinter den modernen Prachtst\u00fccken verbirgt sich ein verborgener Schatz an Geschichte in [&#8230;]<a class=\"read-more\" href=\"https:\/\/www.malagatransfer.co.uk\/de\/blog\/geschichte-von-marbella\/\">Weiterlesen<\/a><\/p>\n","protected":false},"author":1,"featured_media":923,"comment_status":"open","ping_status":"open","sticky":false,"template":"","format":"standard","meta":{"footnotes":""},"categories":[4],"tags":[],"class_list":["post-922","post","type-post","status-publish","format-standard","has-post-thumbnail","hentry","category-sehenswurdigkeiten"],"yoast_head":"<!-- This site is optimized with the Yoast SEO plugin v28.4 - https:\/\/yoast.com\/product\/yoast-seo-wordpress\/ -->\n<title>Geschichte von Marbella: Ein unvergesslicher Besuch<\/title>\n<meta name=\"description\" content=\"Enth\u00fclle die fesselnde Geschichte von Marbella, die sich von ihren pr\u00e4historischen Wurzeln bis zur muslimischen \u00c4ra und dar\u00fcber hinaus erstreckt.\" \/>\n<meta name=\"robots\" content=\"index, follow, max-snippet:-1, max-image-preview:large, max-video-preview:-1\" \/>\n<link rel=\"canonical\" href=\"https:\/\/www.malagatransfer.co.uk\/de\/blog\/geschichte-von-marbella\/\" \/>\n<meta property=\"og:locale\" content=\"de_DE\" \/>\n<meta property=\"og:type\" content=\"article\" \/>\n<meta property=\"og:title\" content=\"Geschichte von Marbella: Ein unvergesslicher Besuch\" \/>\n<meta property=\"og:description\" content=\"Enth\u00fclle die fesselnde Geschichte von Marbella, die sich von ihren pr\u00e4historischen Wurzeln bis zur muslimischen \u00c4ra und dar\u00fcber hinaus erstreckt.\" \/>\n<meta property=\"og:url\" content=\"https:\/\/www.malagatransfer.co.uk\/de\/blog\/geschichte-von-marbella\/\" \/>\n<meta property=\"og:site_name\" content=\"Malaga Transfer Blog\" \/>\n<meta property=\"article:publisher\" content=\"https:\/\/www.facebook.com\/Malagatransfer\/\" \/>\n<meta property=\"article:published_time\" content=\"2023-11-20T15:18:15+00:00\" \/>\n<meta property=\"og:image\" content=\"https:\/\/www.malagatransfer.co.uk\/de\/blog\/wp-content\/uploads\/2023\/11\/geschichte-marbella.jpg\" \/>\n\t<meta property=\"og:image:width\" content=\"1200\" \/>\n\t<meta property=\"og:image:height\" content=\"639\" \/>\n\t<meta property=\"og:image:type\" content=\"image\/jpeg\" \/>\n<meta name=\"author\" content=\"malagatransfer\" \/>\n<meta name=\"twitter:label1\" content=\"Verfasst von\" \/>\n\t<meta name=\"twitter:data1\" content=\"malagatransfer\" \/>\n\t<meta name=\"twitter:label2\" content=\"Gesch\u00e4tzte Lesezeit\" \/>\n\t<meta name=\"twitter:data2\" content=\"13\u00a0Minuten\" \/>\n<script type=\"application\/ld+json\" class=\"yoast-schema-graph\">{\"@context\":\"https:\\\/\\\/schema.org\",\"@graph\":[{\"@type\":\"Article\",\"@id\":\"https:\\\/\\\/www.malagatransfer.co.uk\\\/de\\\/blog\\\/geschichte-von-marbella\\\/#article\",\"isPartOf\":{\"@id\":\"https:\\\/\\\/www.malagatransfer.co.uk\\\/de\\\/blog\\\/geschichte-von-marbella\\\/\"},\"author\":{\"name\":\"malagatransfer\",\"@id\":\"https:\\\/\\\/www.malagatransfer.co.uk\\\/de\\\/blog\\\/#\\\/schema\\\/person\\\/3802fd82e156b86c43d16066f51f5103\"},\"headline\":\"Geschichte von Marbella: Ein unvergesslicher Besuch\",\"datePublished\":\"2023-11-20T15:18:15+00:00\",\"mainEntityOfPage\":{\"@id\":\"https:\\\/\\\/www.malagatransfer.co.uk\\\/de\\\/blog\\\/geschichte-von-marbella\\\/\"},\"wordCount\":2487,\"commentCount\":0,\"publisher\":{\"@id\":\"https:\\\/\\\/www.malagatransfer.co.uk\\\/de\\\/blog\\\/#organization\"},\"image\":{\"@id\":\"https:\\\/\\\/www.malagatransfer.co.uk\\\/de\\\/blog\\\/geschichte-von-marbella\\\/#primaryimage\"},\"thumbnailUrl\":\"https:\\\/\\\/www.malagatransfer.co.uk\\\/de\\\/blog\\\/wp-content\\\/uploads\\\/2023\\\/11\\\/geschichte-marbella.jpg\",\"articleSection\":[\"Sehensw\u00fcrdigkeiten\"],\"inLanguage\":\"de\",\"potentialAction\":[{\"@type\":\"CommentAction\",\"name\":\"Comment\",\"target\":[\"https:\\\/\\\/www.malagatransfer.co.uk\\\/de\\\/blog\\\/geschichte-von-marbella\\\/#respond\"]}]},{\"@type\":\"WebPage\",\"@id\":\"https:\\\/\\\/www.malagatransfer.co.uk\\\/de\\\/blog\\\/geschichte-von-marbella\\\/\",\"url\":\"https:\\\/\\\/www.malagatransfer.co.uk\\\/de\\\/blog\\\/geschichte-von-marbella\\\/\",\"name\":\"Geschichte von Marbella: Ein unvergesslicher Besuch\",\"isPartOf\":{\"@id\":\"https:\\\/\\\/www.malagatransfer.co.uk\\\/de\\\/blog\\\/#website\"},\"primaryImageOfPage\":{\"@id\":\"https:\\\/\\\/www.malagatransfer.co.uk\\\/de\\\/blog\\\/geschichte-von-marbella\\\/#primaryimage\"},\"image\":{\"@id\":\"https:\\\/\\\/www.malagatransfer.co.uk\\\/de\\\/blog\\\/geschichte-von-marbella\\\/#primaryimage\"},\"thumbnailUrl\":\"https:\\\/\\\/www.malagatransfer.co.uk\\\/de\\\/blog\\\/wp-content\\\/uploads\\\/2023\\\/11\\\/geschichte-marbella.jpg\",\"datePublished\":\"2023-11-20T15:18:15+00:00\",\"description\":\"Enth\u00fclle die fesselnde Geschichte von Marbella, die sich von ihren pr\u00e4historischen Wurzeln bis zur muslimischen \u00c4ra und dar\u00fcber hinaus erstreckt.\",\"breadcrumb\":{\"@id\":\"https:\\\/\\\/www.malagatransfer.co.uk\\\/de\\\/blog\\\/geschichte-von-marbella\\\/#breadcrumb\"},\"inLanguage\":\"de\",\"potentialAction\":[{\"@type\":\"ReadAction\",\"target\":[\"https:\\\/\\\/www.malagatransfer.co.uk\\\/de\\\/blog\\\/geschichte-von-marbella\\\/\"]}]},{\"@type\":\"ImageObject\",\"inLanguage\":\"de\",\"@id\":\"https:\\\/\\\/www.malagatransfer.co.uk\\\/de\\\/blog\\\/geschichte-von-marbella\\\/#primaryimage\",\"url\":\"https:\\\/\\\/www.malagatransfer.co.uk\\\/de\\\/blog\\\/wp-content\\\/uploads\\\/2023\\\/11\\\/geschichte-marbella.jpg\",\"contentUrl\":\"https:\\\/\\\/www.malagatransfer.co.uk\\\/de\\\/blog\\\/wp-content\\\/uploads\\\/2023\\\/11\\\/geschichte-marbella.jpg\",\"width\":1200,\"height\":639,\"caption\":\"Geschichte Marbella\"},{\"@type\":\"BreadcrumbList\",\"@id\":\"https:\\\/\\\/www.malagatransfer.co.uk\\\/de\\\/blog\\\/geschichte-von-marbella\\\/#breadcrumb\",\"itemListElement\":[{\"@type\":\"ListItem\",\"position\":1,\"name\":\"Home\",\"item\":\"https:\\\/\\\/www.malagatransfer.co.uk\\\/de\\\/blog\\\/\"},{\"@type\":\"ListItem\",\"position\":2,\"name\":\"Geschichte von Marbella: Ein unvergesslicher Besuch\"}]},{\"@type\":\"WebSite\",\"@id\":\"https:\\\/\\\/www.malagatransfer.co.uk\\\/de\\\/blog\\\/#website\",\"url\":\"https:\\\/\\\/www.malagatransfer.co.uk\\\/de\\\/blog\\\/\",\"name\":\"Malaga Transfer Blog\",\"description\":\"Der offizielle Blog von Malaga Transfer\",\"publisher\":{\"@id\":\"https:\\\/\\\/www.malagatransfer.co.uk\\\/de\\\/blog\\\/#organization\"},\"potentialAction\":[{\"@type\":\"SearchAction\",\"target\":{\"@type\":\"EntryPoint\",\"urlTemplate\":\"https:\\\/\\\/www.malagatransfer.co.uk\\\/de\\\/blog\\\/?s={search_term_string}\"},\"query-input\":{\"@type\":\"PropertyValueSpecification\",\"valueRequired\":true,\"valueName\":\"search_term_string\"}}],\"inLanguage\":\"de\"},{\"@type\":\"Organization\",\"@id\":\"https:\\\/\\\/www.malagatransfer.co.uk\\\/de\\\/blog\\\/#organization\",\"name\":\"Malaga Transfer\",\"url\":\"https:\\\/\\\/www.malagatransfer.co.uk\\\/de\\\/blog\\\/\",\"logo\":{\"@type\":\"ImageObject\",\"inLanguage\":\"de\",\"@id\":\"https:\\\/\\\/www.malagatransfer.co.uk\\\/de\\\/blog\\\/#\\\/schema\\\/logo\\\/image\\\/\",\"url\":\"https:\\\/\\\/www.malagatransfer.co.uk\\\/de\\\/blog\\\/wp-content\\\/uploads\\\/2022\\\/09\\\/malagatransfer_logo.png\",\"contentUrl\":\"https:\\\/\\\/www.malagatransfer.co.uk\\\/de\\\/blog\\\/wp-content\\\/uploads\\\/2022\\\/09\\\/malagatransfer_logo.png\",\"width\":432,\"height\":432,\"caption\":\"Malaga Transfer\"},\"image\":{\"@id\":\"https:\\\/\\\/www.malagatransfer.co.uk\\\/de\\\/blog\\\/#\\\/schema\\\/logo\\\/image\\\/\"},\"sameAs\":[\"https:\\\/\\\/www.facebook.com\\\/Malagatransfer\\\/\",\"https:\\\/\\\/x.com\\\/Mlgtransfer\"]},{\"@type\":\"Person\",\"@id\":\"https:\\\/\\\/www.malagatransfer.co.uk\\\/de\\\/blog\\\/#\\\/schema\\\/person\\\/3802fd82e156b86c43d16066f51f5103\",\"name\":\"malagatransfer\",\"image\":{\"@type\":\"ImageObject\",\"inLanguage\":\"de\",\"@id\":\"https:\\\/\\\/secure.gravatar.com\\\/avatar\\\/13ffa93f3e7839753bde9745a9d81e6fedfae2225c0b952fb96c99cb59851a23?s=96&d=mm&r=g\",\"url\":\"https:\\\/\\\/secure.gravatar.com\\\/avatar\\\/13ffa93f3e7839753bde9745a9d81e6fedfae2225c0b952fb96c99cb59851a23?s=96&d=mm&r=g\",\"contentUrl\":\"https:\\\/\\\/secure.gravatar.com\\\/avatar\\\/13ffa93f3e7839753bde9745a9d81e6fedfae2225c0b952fb96c99cb59851a23?s=96&d=mm&r=g\",\"caption\":\"malagatransfer\"}}]}<\/script>\n<!-- \/ Yoast SEO plugin. -->","yoast_head_json":{"title":"Geschichte von Marbella: Ein unvergesslicher Besuch","description":"Enth\u00fclle die fesselnde Geschichte von Marbella, die sich von ihren pr\u00e4historischen Wurzeln bis zur muslimischen \u00c4ra und dar\u00fcber hinaus erstreckt.","robots":{"index":"index","follow":"follow","max-snippet":"max-snippet:-1","max-image-preview":"max-image-preview:large","max-video-preview":"max-video-preview:-1"},"canonical":"https:\/\/www.malagatransfer.co.uk\/de\/blog\/geschichte-von-marbella\/","og_locale":"de_DE","og_type":"article","og_title":"Geschichte von Marbella: Ein unvergesslicher Besuch","og_description":"Enth\u00fclle die fesselnde Geschichte von Marbella, die sich von ihren pr\u00e4historischen Wurzeln bis zur muslimischen \u00c4ra und dar\u00fcber hinaus erstreckt.","og_url":"https:\/\/www.malagatransfer.co.uk\/de\/blog\/geschichte-von-marbella\/","og_site_name":"Malaga Transfer Blog","article_publisher":"https:\/\/www.facebook.com\/Malagatransfer\/","article_published_time":"2023-11-20T15:18:15+00:00","og_image":[{"width":1200,"height":639,"url":"https:\/\/www.malagatransfer.co.uk\/de\/blog\/wp-content\/uploads\/2023\/11\/geschichte-marbella.jpg","type":"image\/jpeg"}],"author":"malagatransfer","twitter_misc":{"Verfasst von":"malagatransfer","Gesch\u00e4tzte Lesezeit":"13\u00a0Minuten"},"schema":{"@context":"https:\/\/schema.org","@graph":[{"@type":"Article","@id":"https:\/\/www.malagatransfer.co.uk\/de\/blog\/geschichte-von-marbella\/#article","isPartOf":{"@id":"https:\/\/www.malagatransfer.co.uk\/de\/blog\/geschichte-von-marbella\/"},"author":{"name":"malagatransfer","@id":"https:\/\/www.malagatransfer.co.uk\/de\/blog\/#\/schema\/person\/3802fd82e156b86c43d16066f51f5103"},"headline":"Geschichte von Marbella: Ein unvergesslicher Besuch","datePublished":"2023-11-20T15:18:15+00:00","mainEntityOfPage":{"@id":"https:\/\/www.malagatransfer.co.uk\/de\/blog\/geschichte-von-marbella\/"},"wordCount":2487,"commentCount":0,"publisher":{"@id":"https:\/\/www.malagatransfer.co.uk\/de\/blog\/#organization"},"image":{"@id":"https:\/\/www.malagatransfer.co.uk\/de\/blog\/geschichte-von-marbella\/#primaryimage"},"thumbnailUrl":"https:\/\/www.malagatransfer.co.uk\/de\/blog\/wp-content\/uploads\/2023\/11\/geschichte-marbella.jpg","articleSection":["Sehensw\u00fcrdigkeiten"],"inLanguage":"de","potentialAction":[{"@type":"CommentAction","name":"Comment","target":["https:\/\/www.malagatransfer.co.uk\/de\/blog\/geschichte-von-marbella\/#respond"]}]},{"@type":"WebPage","@id":"https:\/\/www.malagatransfer.co.uk\/de\/blog\/geschichte-von-marbella\/","url":"https:\/\/www.malagatransfer.co.uk\/de\/blog\/geschichte-von-marbella\/","name":"Geschichte von Marbella: Ein unvergesslicher Besuch","isPartOf":{"@id":"https:\/\/www.malagatransfer.co.uk\/de\/blog\/#website"},"primaryImageOfPage":{"@id":"https:\/\/www.malagatransfer.co.uk\/de\/blog\/geschichte-von-marbella\/#primaryimage"},"image":{"@id":"https:\/\/www.malagatransfer.co.uk\/de\/blog\/geschichte-von-marbella\/#primaryimage"},"thumbnailUrl":"https:\/\/www.malagatransfer.co.uk\/de\/blog\/wp-content\/uploads\/2023\/11\/geschichte-marbella.jpg","datePublished":"2023-11-20T15:18:15+00:00","description":"Enth\u00fclle die fesselnde Geschichte von Marbella, die sich von ihren pr\u00e4historischen Wurzeln bis zur muslimischen \u00c4ra und dar\u00fcber hinaus erstreckt.","breadcrumb":{"@id":"https:\/\/www.malagatransfer.co.uk\/de\/blog\/geschichte-von-marbella\/#breadcrumb"},"inLanguage":"de","potentialAction":[{"@type":"ReadAction","target":["https:\/\/www.malagatransfer.co.uk\/de\/blog\/geschichte-von-marbella\/"]}]},{"@type":"ImageObject","inLanguage":"de","@id":"https:\/\/www.malagatransfer.co.uk\/de\/blog\/geschichte-von-marbella\/#primaryimage","url":"https:\/\/www.malagatransfer.co.uk\/de\/blog\/wp-content\/uploads\/2023\/11\/geschichte-marbella.jpg","contentUrl":"https:\/\/www.malagatransfer.co.uk\/de\/blog\/wp-content\/uploads\/2023\/11\/geschichte-marbella.jpg","width":1200,"height":639,"caption":"Geschichte Marbella"},{"@type":"BreadcrumbList","@id":"https:\/\/www.malagatransfer.co.uk\/de\/blog\/geschichte-von-marbella\/#breadcrumb","itemListElement":[{"@type":"ListItem","position":1,"name":"Home","item":"https:\/\/www.malagatransfer.co.uk\/de\/blog\/"},{"@type":"ListItem","position":2,"name":"Geschichte von Marbella: Ein unvergesslicher Besuch"}]},{"@type":"WebSite","@id":"https:\/\/www.malagatransfer.co.uk\/de\/blog\/#website","url":"https:\/\/www.malagatransfer.co.uk\/de\/blog\/","name":"Malaga Transfer Blog","description":"Der offizielle Blog von Malaga Transfer","publisher":{"@id":"https:\/\/www.malagatransfer.co.uk\/de\/blog\/#organization"},"potentialAction":[{"@type":"SearchAction","target":{"@type":"EntryPoint","urlTemplate":"https:\/\/www.malagatransfer.co.uk\/de\/blog\/?s={search_term_string}"},"query-input":{"@type":"PropertyValueSpecification","valueRequired":true,"valueName":"search_term_string"}}],"inLanguage":"de"},{"@type":"Organization","@id":"https:\/\/www.malagatransfer.co.uk\/de\/blog\/#organization","name":"Malaga Transfer","url":"https:\/\/www.malagatransfer.co.uk\/de\/blog\/","logo":{"@type":"ImageObject","inLanguage":"de","@id":"https:\/\/www.malagatransfer.co.uk\/de\/blog\/#\/schema\/logo\/image\/","url":"https:\/\/www.malagatransfer.co.uk\/de\/blog\/wp-content\/uploads\/2022\/09\/malagatransfer_logo.png","contentUrl":"https:\/\/www.malagatransfer.co.uk\/de\/blog\/wp-content\/uploads\/2022\/09\/malagatransfer_logo.png","width":432,"height":432,"caption":"Malaga Transfer"},"image":{"@id":"https:\/\/www.malagatransfer.co.uk\/de\/blog\/#\/schema\/logo\/image\/"},"sameAs":["https:\/\/www.facebook.com\/Malagatransfer\/","https:\/\/x.com\/Mlgtransfer"]},{"@type":"Person","@id":"https:\/\/www.malagatransfer.co.uk\/de\/blog\/#\/schema\/person\/3802fd82e156b86c43d16066f51f5103","name":"malagatransfer","image":{"@type":"ImageObject","inLanguage":"de","@id":"https:\/\/secure.gravatar.com\/avatar\/13ffa93f3e7839753bde9745a9d81e6fedfae2225c0b952fb96c99cb59851a23?s=96&d=mm&r=g","url":"https:\/\/secure.gravatar.com\/avatar\/13ffa93f3e7839753bde9745a9d81e6fedfae2225c0b952fb96c99cb59851a23?s=96&d=mm&r=g","contentUrl":"https:\/\/secure.gravatar.com\/avatar\/13ffa93f3e7839753bde9745a9d81e6fedfae2225c0b952fb96c99cb59851a23?s=96&d=mm&r=g","caption":"malagatransfer"}}]}},"_links":{"self":[{"href":"https:\/\/www.malagatransfer.co.uk\/de\/blog\/wp-json\/wp\/v2\/posts\/922","targetHints":{"allow":["GET"]}}],"collection":[{"href":"https:\/\/www.malagatransfer.co.uk\/de\/blog\/wp-json\/wp\/v2\/posts"}],"about":[{"href":"https:\/\/www.malagatransfer.co.uk\/de\/blog\/wp-json\/wp\/v2\/types\/post"}],"author":[{"embeddable":true,"href":"https:\/\/www.malagatransfer.co.uk\/de\/blog\/wp-json\/wp\/v2\/users\/1"}],"replies":[{"embeddable":true,"href":"https:\/\/www.malagatransfer.co.uk\/de\/blog\/wp-json\/wp\/v2\/comments?post=922"}],"version-history":[{"count":1,"href":"https:\/\/www.malagatransfer.co.uk\/de\/blog\/wp-json\/wp\/v2\/posts\/922\/revisions"}],"predecessor-version":[{"id":924,"href":"https:\/\/www.malagatransfer.co.uk\/de\/blog\/wp-json\/wp\/v2\/posts\/922\/revisions\/924"}],"wp:featuredmedia":[{"embeddable":true,"href":"https:\/\/www.malagatransfer.co.uk\/de\/blog\/wp-json\/wp\/v2\/media\/923"}],"wp:attachment":[{"href":"https:\/\/www.malagatransfer.co.uk\/de\/blog\/wp-json\/wp\/v2\/media?parent=922"}],"wp:term":[{"taxonomy":"category","embeddable":true,"href":"https:\/\/www.malagatransfer.co.uk\/de\/blog\/wp-json\/wp\/v2\/categories?post=922"},{"taxonomy":"post_tag","embeddable":true,"href":"https:\/\/www.malagatransfer.co.uk\/de\/blog\/wp-json\/wp\/v2\/tags?post=922"}],"curies":[{"name":"wp","href":"https:\/\/api.w.org\/{rel}","templated":true}]}}