{"id":602,"date":"2026-09-01T09:52:19","date_gmt":"2026-09-01T07:52:19","guid":{"rendered":"https:\/\/www.malagatransfer.co.uk\/de\/blog\/?p=602"},"modified":"2026-09-02T14:10:08","modified_gmt":"2026-09-02T12:10:08","slug":"besuchen-sie-malaga-im-september","status":"publish","type":"post","link":"https:\/\/www.malagatransfer.co.uk\/de\/blog\/besuchen-sie-malaga-im-september\/","title":{"rendered":"M\u00e1laga im September: Top-Aktivit\u00e4ten, Volksfesten und Reisetipps"},"content":{"rendered":"\r\n<p class=\"wp-block-paragraph\">September in M\u00e1laga ist ein sehr empfehlenswerter Monat \u2013 besonders f\u00fcr alle, die den Menschenmassen und den hohen Temperaturen des Augusts aus dem Weg gehen m\u00f6chten, aber trotzdem Strand und gutes Wetter genie\u00dfen wollen. Immer mehr Besucher w\u00e4hlen den September, weil die Temperaturen milder werden und sowohl Strandtage als auch Ausfl\u00fcge deutlich angenehmer sind.<\/p>\r\n\r\n\r\n\r\n<p class=\"wp-block-paragraph\"><strong>Besuchen Sie M\u00e1laga im September 2026?<\/strong> Dieser aktualisierte Leitfaden hilft Ihnen weiter. Wir erkl\u00e4ren das Wetter, die passende Kleidung, die Wassertemperatur und die wichtigsten Feste und Veranstaltungen mit den aktuellsten Daten f\u00fcr dieses Jahr.<\/p>\r\n\r\n\r\n\r\n<p class=\"wp-block-paragraph\">Ende <a href=\"https:\/\/www.malagatransfer.co.uk\/de\/blog\/besuchen-sie-malaga-im-august\/\">August in M\u00e1laga<\/a> nimmt die Zahl der Badeg\u00e4ste an den Str\u00e4nden der Costa del Sol deutlich ab. Im September ist die Atmosph\u00e4re entspannter, die Str\u00e4nde ruhiger und die D\u00f6rfer im Landesinneren viel angenehmer zu erkunden.<\/p>\r\n\r\n\r\n\r\n<h2 class=\"wp-block-heading\">Sollte ich M\u00e1laga im September besuchen?<\/h2>\r\n\r\n\r\n\r\n<p class=\"wp-block-paragraph\">Ja, es ist sehr empfehlenswert. Das Sommergef\u00fchl ist noch deutlich sp\u00fcrbar, aber ohne die extreme Hitze und die gro\u00dfen Menschenmengen des Augusts. Sie k\u00f6nnen den Strand in vollen Z\u00fcgen genie\u00dfen, wandern, wei\u00dfe D\u00f6rfer besuchen oder an traditionellen Festen teilnehmen \u2013 und das alles deutlich entspannter.<\/p>\r\n\r\n\r\n\r\n<p class=\"wp-block-paragraph\">Au\u00dferdem eignet sich der September hervorragend, um Strand und Kultur zu kombinieren. Die milderen Temperaturen machen es angenehmer, Denkm\u00e4ler zu besichtigen, die Axarqu\u00eda oder die Serran\u00eda de Ronda zu erkunden und abends im Freien zu essen.<\/p>\r\n\r\n\r\n\r\n<h2 class=\"wp-block-heading\">Das Wetter in M\u00e1laga im September<\/h2>\r\n\r\n\r\n\r\n<p class=\"wp-block-paragraph\"><strong>Das Wetter im September ist ausgezeichnet.<\/strong> Die H\u00f6chsttemperaturen liegen meist zwischen 27 und 30 \u00b0C, nachts sinken sie auf etwa 19\u201322 \u00b0C. Die starke Hitze des Augusts l\u00e4sst nach und die Abende werden sp\u00fcrbar frischer und angenehmer.<\/p>\r\n\r\n\r\n\r\n<p class=\"wp-block-paragraph\"><strong>Regnet es im September?<\/strong> Es ist nicht \u00fcblich, aber es kann an dem einen oder anderen Tag kurz regnen. Solche Schauer sind in der Regel willkommen, weil sie die Luft erfrischen. Im Durchschnitt gibt es nur zwei bis drei Regentage im gesamten Monat.<\/p>\r\n\r\n\r\n\r\n<h3 class=\"wp-block-heading\">Strand und Wassertemperatur im September<\/h3>\r\n\r\n\r\n\r\n<figure class=\"wp-block-image size-full\"><a href=\"https:\/\/www.malagatransfer.co.uk\/es\/blog\/wp-content\/uploads\/2016\/05\/beach.jpg\"><img decoding=\"async\" class=\"wp-image-256\" src=\"https:\/\/www.malagatransfer.co.uk\/es\/blog\/wp-content\/uploads\/2016\/05\/beach.jpg\" alt=\"Strand in M\u00e1laga im September\" \/><\/a><\/figure>\r\n\r\n\r\n\r\n<p class=\"wp-block-paragraph\">Das Meer bleibt sehr angenehm zum Baden. Die Wassertemperatur liegt durchschnittlich zwischen 22 und 25 \u00b0C. Anfang des Monats k\u00f6nnen es noch 24\u201325 \u00b0C sein, zum Monatsende sinkt sie leicht, bleibt aber durchgehend angenehm.<\/p>\r\n\r\n\r\n\r\n<h3 class=\"wp-block-heading\">Empfohlene Kleidung<\/h3>\r\n\r\n\r\n\r\n<p class=\"wp-block-paragraph\">Sommerkleidung ist weiterhin die Basis. F\u00fcr die Abende empfiehlt sich jedoch eine leichte Jacke oder ein Schal \u2013 besonders in der N\u00e4he des Meeres oder in den D\u00f6rfern im Inland.<\/p>\r\n\r\n\r\n\r\n<p class=\"wp-block-paragraph\"><strong>Das sollten Sie nicht vergessen:<\/strong><\/p>\r\n\r\n\r\n\r\n<ul class=\"wp-block-list\">\r\n<li>Sonnencreme mit hohem Lichtschutzfaktor<\/li>\r\n<li>Sonnenbrille<\/li>\r\n<li>Leichte, bequeme Kleidung<\/li>\r\n<li>Eine leichte Jacke oder ein Pashmina f\u00fcr den Abend<\/li>\r\n<li>Bequeme Schuhe f\u00fcr Spazierg\u00e4nge in D\u00f6rfern und auf Festen<\/li>\r\n<\/ul>\r\n\r\n\r\n\r\n<h2 class=\"wp-block-heading\">Sonnenaufgang und Sonnenuntergang im September<\/h2>\r\n\r\n\r\n\r\n<p class=\"wp-block-paragraph\">Mitte September geht die Sonne etwa zwischen 07:40 und 08:00 Uhr auf und zwischen 20:00 und 20:15 Uhr unter. Die Tagesl\u00e4nge betr\u00e4gt am Anfang des Monats rund 12,5 Stunden und verk\u00fcrzt sich bis Monatsende auf knapp unter 12 Stunden.<\/p>\r\n\r\n\r\n\r\n<figure class=\"wp-block-image size-large\"><a href=\"https:\/\/www.malagatransfer.co.uk\/es\/blog\/wp-content\/uploads\/2021\/07\/kayak-malaga.jpg\"><img decoding=\"async\" class=\"wp-image-1015\" src=\"https:\/\/www.malagatransfer.co.uk\/es\/blog\/wp-content\/uploads\/2021\/07\/kayak-malaga-1024x465.jpg\" alt=\"Sonnenaufgang am Meer\" \/><\/a>\r\n<figcaption>Einen Sonnenaufgang \u00fcber dem Meer zu erleben, geh\u00f6rt zu den sch\u00f6nsten Momenten im September.<\/figcaption>\r\n<\/figure>\r\n\r\n\r\n\r\n<p class=\"wp-block-paragraph\">Die genauen Zeiten variieren leicht zwischen Monatsanfang und -ende. Wenn Sie einen fr\u00fchen Ausflug planen, lohnt es sich, die Uhrzeiten zu pr\u00fcfen. Wir sind rund um die Uhr f\u00fcr Transfers verf\u00fcgbar.<\/p>\r\n\r\n\r\n\r\n<h2 class=\"wp-block-heading\">Golf spielen im September in M\u00e1laga<\/h2>\r\n\r\n\r\n\r\n<p class=\"wp-block-paragraph\">Der September ist ein ausgezeichneter Monat f\u00fcr Golf an der Costa del Sol. Die Temperaturen sind milder als im Juli und August, die Pl\u00e4tze sind in gutem Zustand und der Andrang ist meist geringer.<\/p>\r\n\r\n\r\n\r\n<figure class=\"wp-block-image size-full\"><a href=\"https:\/\/www.malagatransfer.co.uk\/es\/blog\/wp-content\/uploads\/2016\/06\/guadalmina-golf.jpg\"><img decoding=\"async\" class=\"wp-image-299\" src=\"https:\/\/www.malagatransfer.co.uk\/es\/blog\/wp-content\/uploads\/2016\/06\/guadalmina-golf.jpg\" alt=\"Guadalmina Golf\" \/><\/a><\/figure>\r\n\r\n\r\n\r\n<p class=\"wp-block-paragraph\">Wir k\u00fcmmern uns um den Transport zum gew\u00fcnschten Platz und berechnen keinen Aufpreis f\u00fcr Ihre Golfausr\u00fcstung.<\/p>\r\n\r\n\r\n\r\n<h2 class=\"wp-block-heading\">September-Volksfeste in M\u00e1laga 2026<\/h2>\r\n\r\n\r\n\r\n<p class=\"wp-block-paragraph\">Der September ist reich an traditionellen Festen und gastronomischen Veranstaltungen. Hier die wichtigsten Termine mit den aktuellsten Daten f\u00fcr 2026:<\/p>\r\n\r\n\r\n\r\n<h3 class=\"wp-block-heading\">Weinlese-Fest (Feria de la Vendimia) in Manilva<\/h3>\r\n\r\n\r\n\r\n<p class=\"wp-block-paragraph\">Als Fest von touristischem Interesse erkl\u00e4rt, feiert es die Ernte der Muskatellertrauben. Zum Programm geh\u00f6ren die traditionelle Traubenpressung, die Verkostung des ersten Mosts des Jahres, eine Prozession und ein festliches Ambiente.<\/p>\r\n\r\n\r\n\r\n<figure class=\"wp-block-image size-full\"><a href=\"https:\/\/www.malagatransfer.co.uk\/es\/blog\/wp-content\/uploads\/2021\/08\/manilva-feria-vendimia.jpg\"><img decoding=\"async\" class=\"wp-image-1128\" src=\"https:\/\/www.malagatransfer.co.uk\/es\/blog\/wp-content\/uploads\/2021\/08\/manilva-feria-vendimia.jpg\" alt=\"Plaza de la Vendimia in Manilva\" \/><\/a>\r\n<figcaption>Plaza de la Vendimia \u2013 Schauplatz der traditionellen Traubenpressung.<\/figcaption>\r\n<\/figure>\r\n\r\n\r\n\r\n<ul class=\"wp-block-list\">\r\n<li><strong>Wann:<\/strong> rund um den 5.\u20136. September 2026 (genaue Daten bitte kurz vorher best\u00e4tigen)<\/li>\r\n<li><strong>Anfahrt:<\/strong> <a href=\"https:\/\/goo.gl\/maps\/ys74zsB16zjS9PDcA\">Google Maps<\/a><\/li>\r\n<\/ul>\r\n\r\n\r\n\r\n<p class=\"wp-block-paragraph\">In <a href=\"https:\/\/www.malagatransfer.co.uk\/de\/blog\/mollina\/\">Mollina<\/a> findet das Weinlesefest am zweiten Wochenende im September statt.<\/p>\r\n\r\n\r\n\r\n<h3 class=\"wp-block-heading\">Ronda-Volksfest (Feria de Pedro Romero)<\/h3>\r\n\r\n\r\n\r\n<figure class=\"wp-block-image size-full\"><a href=\"https:\/\/www.malagatransfer.co.uk\/es\/blog\/wp-content\/uploads\/2021\/08\/feria-ronda.jpg\"><img decoding=\"async\" class=\"wp-image-1131\" src=\"https:\/\/www.malagatransfer.co.uk\/es\/blog\/wp-content\/uploads\/2021\/08\/feria-ronda.jpg\" alt=\"Feria de Ronda\" \/><\/a>\r\n<figcaption>Pedro-Romero-Fest in Ronda<\/figcaption>\r\n<\/figure>\r\n\r\n\r\n\r\n<p class=\"wp-block-paragraph\">Eines der bedeutendsten und traditionellsten Feste Andalusiens. 2026 findet es vom <strong>1. bis 6. September<\/strong> statt und umfasst auch die ber\u00fchmte Corrida Goyesca.<\/p>\r\n\r\n\r\n\r\n<ul class=\"wp-block-list\">\r\n<li><strong>Wann:<\/strong> 1.\u20136. September 2026<\/li>\r\n<li><strong>Anfahrt:<\/strong> <a href=\"https:\/\/goo.gl\/maps\/khuM6W811TjJ1YBP9\">Google Maps<\/a><\/li>\r\n<\/ul>\r\n\r\n\r\n\r\n<h3 class=\"wp-block-heading\">Mijas-Pueblo-Volksfest<\/h3>\r\n\r\n\r\n\r\n<figure class=\"wp-block-image size-full\"><a href=\"https:\/\/www.malagatransfer.co.uk\/es\/blog\/wp-content\/uploads\/2021\/08\/feria-mijas-pueblo.jpg\"><img decoding=\"async\" class=\"wp-image-1137\" src=\"https:\/\/www.malagatransfer.co.uk\/es\/blog\/wp-content\/uploads\/2021\/08\/feria-mijas-pueblo.jpg\" alt=\"Feria de Mijas Pueblo\" \/><\/a><\/figure>\r\n\r\n\r\n\r\n<p class=\"wp-block-paragraph\">Zu Ehren der Virgen de la Pe\u00f1a (8. September). Tags\u00fcber im historischen Zentrum, nachts mit Attraktionen, Konzerten und Casetas.<\/p>\r\n\r\n\r\n\r\n<ul class=\"wp-block-list\">\r\n<li><strong>Wann:<\/strong> etwa 7.\u201312. September 2026 (offizielle Daten bitte best\u00e4tigen)<\/li>\r\n<li><strong>Anfahrt:<\/strong> <a href=\"https:\/\/goo.gl\/maps\/XcSoV4WbTEBeijAW6\">Google Maps<\/a><\/li>\r\n<\/ul>\r\n\r\n\r\n\r\n<h3 class=\"wp-block-heading\">Festival de las Maravillas (Maro \u2013 Nerja)<\/h3>\r\n\r\n\r\n\r\n<figure class=\"wp-block-image size-large\"><a href=\"https:\/\/www.malagatransfer.co.uk\/es\/blog\/wp-content\/uploads\/2021\/08\/maro-nerja.jpg\"><img decoding=\"async\" class=\"wp-image-1134\" src=\"https:\/\/www.malagatransfer.co.uk\/es\/blog\/wp-content\/uploads\/2021\/08\/maro-nerja-1024x378.jpg\" alt=\"Maro bei Nerja\" \/><\/a><\/figure>\r\n\r\n\r\n\r\n<p class=\"wp-block-paragraph\">Fest zu Ehren der Virgen de las Maravillas mit Casetas, Verbenas und traditionellem Ambiente.<\/p>\r\n\r\n\r\n\r\n<ul class=\"wp-block-list\">\r\n<li><strong>Wann:<\/strong> etwa 6.\u20139. September<\/li>\r\n<li><strong>Anfahrt:<\/strong> <a href=\"https:\/\/goo.gl\/maps\/g7UXXyP5MhHpDEX57\">Google Maps<\/a><\/li>\r\n<\/ul>\r\n\r\n\r\n\r\n<h3 class=\"wp-block-heading\">Romer\u00eda und Feria de San Miguel (Torremolinos)<\/h3>\r\n\r\n\r\n\r\n<figure class=\"wp-block-image size-full\"><a href=\"https:\/\/www.malagatransfer.co.uk\/es\/blog\/wp-content\/uploads\/2021\/08\/feria-torremolinos.jpg\"><img decoding=\"async\" class=\"wp-image-1136\" src=\"https:\/\/www.malagatransfer.co.uk\/es\/blog\/wp-content\/uploads\/2021\/08\/feria-torremolinos.jpg\" alt=\"Feria de Torremolinos\" \/><\/a>\r\n<figcaption>Eingang zum Volksfest bei Nacht in Torremolinos<\/figcaption>\r\n<\/figure>\r\n\r\n\r\n\r\n<p class=\"wp-block-paragraph\">Die Romer\u00eda de San Miguel geh\u00f6rt zu den wichtigsten Wallfahrten Andalusiens (von nationalem touristischem Interesse) und zieht \u00fcber 200.000 Menschen an. Die eigentliche Feria folgt in der Woche danach.<\/p>\r\n\r\n\r\n\r\n<ul class=\"wp-block-list\">\r\n<li><strong>Romer\u00eda:<\/strong> Sonntag, der dem 29. September am n\u00e4chsten liegt (2026 voraussichtlich der 27. September)<\/li>\r\n<li><strong>Feria:<\/strong> letzte Septemberwoche (ca. 24.\u201328. oder 25.\u201329. September)<\/li>\r\n<li><strong>Anfahrt:<\/strong> <a href=\"https:\/\/goo.gl\/maps\/BSdN7yUi5iEkBtyA6\">Google Maps<\/a><\/li>\r\n<\/ul>\r\n\r\n\r\n\r\n<h3 class=\"wp-block-heading\">Weitere September-Feste<\/h3>\r\n\r\n\r\n\r\n<p class=\"wp-block-paragraph\"><strong>Ardales-Volksfest<\/strong> \u2013 erste Septemberwoche. Typisches Dorffest. Termine bitte beim Rathaus best\u00e4tigen: ayuntamiento@ardales.es<\/p>\r\n\r\n\r\n\r\n<p class=\"wp-block-paragraph\"><strong>Ist\u00e1n-Volksfest<\/strong> \u2013 normalerweise rund um den 6.\u20138. September. Mit dem traditionellen Schleuderschie\u00dfen.<\/p>\r\n\r\n\r\n\r\n<h2 class=\"wp-block-heading\">Weitere Aktivit\u00e4ten und Veranstaltungen im September 2026<\/h2>\r\n\r\n\r\n\r\n<h3 class=\"wp-block-heading\">Luna Mora in Guaro<\/h3>\r\n\r\n\r\n\r\n<figure class=\"wp-block-image size-full\"><a href=\"https:\/\/www.malagatransfer.co.uk\/es\/blog\/wp-content\/uploads\/2021\/08\/luna-mora-guaro.jpg\"><img decoding=\"async\" class=\"wp-image-1138\" src=\"https:\/\/www.malagatransfer.co.uk\/es\/blog\/wp-content\/uploads\/2021\/08\/luna-mora-guaro.jpg\" alt=\"Luna Mora in Guaro\" \/><\/a>\r\n<figcaption>Die Stra\u00dfen von Guaro, beleuchtet von Tausenden von Kerzen w\u00e4hrend der Luna Mora<\/figcaption>\r\n<\/figure>\r\n\r\n\r\n\r\n<p class=\"wp-block-paragraph\">Eines der magischsten Ereignisse der Provinz. Das Dorf wird mit Tausenden von Kerzen beleuchtet, es gibt einen Handwerksmarkt, andalusische Musik, Flamenco und Auff\u00fchrungen. Findet Mitte September statt.<\/p>\r\n\r\n\r\n\r\n<ul class=\"wp-block-list\">\r\n<li><strong>Wann:<\/strong> 11.\u201312. oder 12.\u201313. September 2026 (bitte kurz vorher best\u00e4tigen)<\/li>\r\n<li><strong>Anfahrt:<\/strong> <a href=\"https:\/\/goo.gl\/maps\/VabfW9y1ZxrfsJCUA\">Google Maps<\/a><\/li>\r\n<\/ul>\r\n\r\n\r\n\r\n<p class=\"wp-block-paragraph\">Man parkt auf einer Esplanade und nimmt einen Shuttle-Bus ins Dorfzentrum. Wir k\u00f6nnen Sie hinbringen und sp\u00e4ter wieder abholen, sodass Sie sich nur ums Genie\u00dfen k\u00fcmmern m\u00fcssen.<\/p>\r\n\r\n\r\n\r\n<h3 class=\"wp-block-heading\">Rosinentag in El Borge<\/h3>\r\n\r\n\r\n\r\n<figure class=\"wp-block-image size-full\"><a href=\"https:\/\/www.malagatransfer.co.uk\/es\/blog\/wp-content\/uploads\/2021\/08\/uvas-pasas.jpg\"><img decoding=\"async\" class=\"wp-image-1139\" src=\"https:\/\/www.malagatransfer.co.uk\/es\/blog\/wp-content\/uploads\/2021\/08\/uvas-pasas.jpg\" alt=\"Rosinentag in El Borge\" \/><\/a><\/figure>\r\n\r\n\r\n\r\n<p class=\"wp-block-paragraph\">El Borge ist der f\u00fchrende Rosinenproduzent Andalusiens. An diesem Tag gibt es traditionelle Vorf\u00fchrungen der Herstellung, kostenlose T\u00fcten mit Rosinen und Verkostungen lokaler Produkte (Gazpacho, Wurstwaren, Muskatellerwein \u2026). Dazu spielen Verdiales-Gruppen und es herrscht ein sehr authentisches Ambiente.<\/p>\r\n\r\n\r\n\r\n<ul class=\"wp-block-list\">\r\n<li><strong>Wann:<\/strong> dritter Sonntag im September \u2192 <strong>20. September 2026<\/strong><\/li>\r\n<li><strong>Anfahrt:<\/strong> <a href=\"https:\/\/goo.gl\/maps\/51fvBieEnrSfJuyT8\">Google Maps<\/a><\/li>\r\n<\/ul>\r\n\r\n\r\n\r\n<h3 class=\"wp-block-heading\">Mandeltag in Almog\u00eda<\/h3>\r\n\r\n\r\n\r\n<figure class=\"wp-block-image size-full\"><a href=\"https:\/\/www.malagatransfer.co.uk\/es\/blog\/wp-content\/uploads\/2021\/08\/dulces-almendras.jpg\"><img decoding=\"async\" class=\"wp-image-1141\" src=\"https:\/\/www.malagatransfer.co.uk\/es\/blog\/wp-content\/uploads\/2021\/08\/dulces-almendras.jpg\" alt=\"Mandels\u00fc\u00dfigkeiten\" \/><\/a>\r\n<figcaption>S\u00fc\u00dfigkeiten aus Almog\u00eda-Mandeln<\/figcaption>\r\n<\/figure>\r\n\r\n\r\n\r\n<p class=\"wp-block-paragraph\">Ein gastronomisches Fest rund um die lokale Mandel. St\u00e4nde mit typischen Produkten, Desserts und Gerichten auf Mandelbasis.<\/p>\r\n\r\n\r\n\r\n<ul class=\"wp-block-list\">\r\n<li><strong>Wann:<\/strong> letzter Sonntag im September 2026<\/li>\r\n<li><strong>Anfahrt:<\/strong> <a href=\"https:\/\/goo.gl\/maps\/GcWpNGQwUwjkJKga8\">Google Maps<\/a><\/li>\r\n<\/ul>\r\n\r\n\r\n\r\n<h2 class=\"wp-block-heading\">M\u00f6chten Sie im September ein paar Tage in M\u00e1laga verbringen?<\/h2>\r\n\r\n\r\n\r\n<p class=\"wp-block-paragraph\">Es gibt noch viele weitere Veranstaltungen und Aktivit\u00e4ten in diesem Monat, die wir laufend aktualisieren werden. Wie Sie sehen, bietet der September eine sehr gute Balance aus Wetter, Strand und traditionellen Festen.<\/p>\r\n\r\n\r\n\r\n<p class=\"wp-block-paragraph\">Bei der Entscheidung, <a href=\"https:\/\/www.malagatransfer.co.uk\/de\/blog\/besuch-in-malaga\/\">wann man M\u00e1laga besuchen sollte<\/a>, gibt es f\u00fcr fast jeden Geschmack den passenden Monat. Viele bevorzugen den August, andere einen Mittelweg wie September oder Oktober, wieder andere besonders die Weihnachtszeit oder Ostern.<\/p>\r\n\r\n\r\n\r\n<p class=\"wp-block-paragraph\">Wir stehen Ihnen das ganze Jahr \u00fcber 24 Stunden am Tag zur Verf\u00fcgung, um Ihnen den besten Service f\u00fcr <a href=\"https:\/\/www.malagatransfer.co.uk\/de\/\">Transfers vom Flughafen M\u00e1laga<\/a> oder Ausfl\u00fcge zu bieten. Wenn Sie an einer der genannten Veranstaltungen teilnehmen m\u00f6chten oder an einer anderen, z\u00f6gern Sie bitte nicht, uns zu <a href=\"https:\/\/www.malagatransfer.co.uk\/de\/transfers\/kontakt.php\">kontaktieren<\/a>.<\/p>\r\n","protected":false},"excerpt":{"rendered":"<p>September in M\u00e1laga ist ein sehr empfehlenswerter Monat \u2013 besonders f\u00fcr alle, die den Menschenmassen und den hohen Temperaturen des Augusts aus dem Weg gehen m\u00f6chten, aber trotzdem Strand und gutes Wetter genie\u00dfen wollen. Immer mehr Besucher w\u00e4hlen den September, weil die Temperaturen milder werden und sowohl Strandtage als auch Ausfl\u00fcge deutlich angenehmer sind. Besuchen [&#8230;]<a class=\"read-more\" href=\"https:\/\/www.malagatransfer.co.uk\/de\/blog\/besuchen-sie-malaga-im-september\/\">Weiterlesen<\/a><\/p>\n","protected":false},"author":1,"featured_media":603,"comment_status":"open","ping_status":"open","sticky":false,"template":"","format":"standard","meta":{"footnotes":""},"categories":[3],"tags":[52,7,55],"class_list":["post-602","post","type-post","status-publish","format-standard","has-post-thumbnail","hentry","category-tipps","tag-aktivitaeten","tag-malaga","tag-september"],"yoast_head":"<!-- This site is optimized with the Yoast SEO plugin v28.4 - https:\/\/yoast.com\/product\/yoast-seo-wordpress\/ -->\n<title>M\u00e1laga im September: Top-Aktivit\u00e4ten, Volksfesten und Reisetipps<\/title>\n<meta name=\"description\" content=\"Sie einen Besuch in M\u00e1laga im September? Dann hilft Ihnen dieser Reisef\u00fchrer mit Informationen \u00fcber das Wetter, Volksfeste und Aktivit\u00e4ten.\" \/>\n<meta name=\"robots\" content=\"index, follow, max-snippet:-1, max-image-preview:large, max-video-preview:-1\" \/>\n<link rel=\"canonical\" href=\"https:\/\/www.malagatransfer.co.uk\/de\/blog\/besuchen-sie-malaga-im-september\/\" \/>\n<meta property=\"og:locale\" content=\"de_DE\" \/>\n<meta property=\"og:type\" content=\"article\" \/>\n<meta property=\"og:title\" content=\"M\u00e1laga im September: Top-Aktivit\u00e4ten, Volksfesten und Reisetipps\" \/>\n<meta property=\"og:description\" content=\"Sie einen Besuch in M\u00e1laga im September? Dann hilft Ihnen dieser Reisef\u00fchrer mit Informationen \u00fcber das Wetter, Volksfeste und Aktivit\u00e4ten.\" \/>\n<meta property=\"og:url\" content=\"https:\/\/www.malagatransfer.co.uk\/de\/blog\/besuchen-sie-malaga-im-september\/\" \/>\n<meta property=\"og:site_name\" content=\"Malaga Transfer Blog\" \/>\n<meta property=\"article:publisher\" content=\"https:\/\/www.facebook.com\/Malagatransfer\/\" \/>\n<meta property=\"article:published_time\" content=\"2026-09-01T07:52:19+00:00\" \/>\n<meta property=\"article:modified_time\" content=\"2026-09-02T12:10:08+00:00\" \/>\n<meta property=\"og:image\" content=\"https:\/\/www.malagatransfer.co.uk\/de\/blog\/wp-content\/uploads\/2021\/09\/malaga-im-september.jpg\" \/>\n\t<meta property=\"og:image:width\" content=\"1200\" \/>\n\t<meta property=\"og:image:height\" content=\"470\" \/>\n\t<meta property=\"og:image:type\" content=\"image\/jpeg\" \/>\n<meta name=\"author\" content=\"malagatransfer\" \/>\n<meta name=\"twitter:label1\" content=\"Verfasst von\" \/>\n\t<meta name=\"twitter:data1\" content=\"malagatransfer\" \/>\n\t<meta name=\"twitter:label2\" content=\"Gesch\u00e4tzte Lesezeit\" \/>\n\t<meta name=\"twitter:data2\" content=\"9\u00a0Minuten\" \/>\n<script type=\"application\/ld+json\" class=\"yoast-schema-graph\">{\"@context\":\"https:\\\/\\\/schema.org\",\"@graph\":[{\"@type\":\"Article\",\"@id\":\"https:\\\/\\\/www.malagatransfer.co.uk\\\/de\\\/blog\\\/besuchen-sie-malaga-im-september\\\/#article\",\"isPartOf\":{\"@id\":\"https:\\\/\\\/www.malagatransfer.co.uk\\\/de\\\/blog\\\/besuchen-sie-malaga-im-september\\\/\"},\"author\":{\"name\":\"malagatransfer\",\"@id\":\"https:\\\/\\\/www.malagatransfer.co.uk\\\/de\\\/blog\\\/#\\\/schema\\\/person\\\/3802fd82e156b86c43d16066f51f5103\"},\"headline\":\"M\u00e1laga im September: Top-Aktivit\u00e4ten, Volksfesten und Reisetipps\",\"datePublished\":\"2026-09-01T07:52:19+00:00\",\"dateModified\":\"2026-09-02T12:10:08+00:00\",\"mainEntityOfPage\":{\"@id\":\"https:\\\/\\\/www.malagatransfer.co.uk\\\/de\\\/blog\\\/besuchen-sie-malaga-im-september\\\/\"},\"wordCount\":1197,\"commentCount\":0,\"publisher\":{\"@id\":\"https:\\\/\\\/www.malagatransfer.co.uk\\\/de\\\/blog\\\/#organization\"},\"image\":{\"@id\":\"https:\\\/\\\/www.malagatransfer.co.uk\\\/de\\\/blog\\\/besuchen-sie-malaga-im-september\\\/#primaryimage\"},\"thumbnailUrl\":\"https:\\\/\\\/www.malagatransfer.co.uk\\\/de\\\/blog\\\/wp-content\\\/uploads\\\/2021\\\/09\\\/malaga-im-september.jpg\",\"keywords\":[\"Aktivit\u00e4ten\",\"M\u00e1laga\",\"September\"],\"articleSection\":[\"Tipps\"],\"inLanguage\":\"de\",\"potentialAction\":[{\"@type\":\"CommentAction\",\"name\":\"Comment\",\"target\":[\"https:\\\/\\\/www.malagatransfer.co.uk\\\/de\\\/blog\\\/besuchen-sie-malaga-im-september\\\/#respond\"]}]},{\"@type\":\"WebPage\",\"@id\":\"https:\\\/\\\/www.malagatransfer.co.uk\\\/de\\\/blog\\\/besuchen-sie-malaga-im-september\\\/\",\"url\":\"https:\\\/\\\/www.malagatransfer.co.uk\\\/de\\\/blog\\\/besuchen-sie-malaga-im-september\\\/\",\"name\":\"M\u00e1laga im September: Top-Aktivit\u00e4ten, Volksfesten und Reisetipps\",\"isPartOf\":{\"@id\":\"https:\\\/\\\/www.malagatransfer.co.uk\\\/de\\\/blog\\\/#website\"},\"primaryImageOfPage\":{\"@id\":\"https:\\\/\\\/www.malagatransfer.co.uk\\\/de\\\/blog\\\/besuchen-sie-malaga-im-september\\\/#primaryimage\"},\"image\":{\"@id\":\"https:\\\/\\\/www.malagatransfer.co.uk\\\/de\\\/blog\\\/besuchen-sie-malaga-im-september\\\/#primaryimage\"},\"thumbnailUrl\":\"https:\\\/\\\/www.malagatransfer.co.uk\\\/de\\\/blog\\\/wp-content\\\/uploads\\\/2021\\\/09\\\/malaga-im-september.jpg\",\"datePublished\":\"2026-09-01T07:52:19+00:00\",\"dateModified\":\"2026-09-02T12:10:08+00:00\",\"description\":\"Sie einen Besuch in M\u00e1laga im September? Dann hilft Ihnen dieser Reisef\u00fchrer mit Informationen \u00fcber das Wetter, Volksfeste und Aktivit\u00e4ten.\",\"breadcrumb\":{\"@id\":\"https:\\\/\\\/www.malagatransfer.co.uk\\\/de\\\/blog\\\/besuchen-sie-malaga-im-september\\\/#breadcrumb\"},\"inLanguage\":\"de\",\"potentialAction\":[{\"@type\":\"ReadAction\",\"target\":[\"https:\\\/\\\/www.malagatransfer.co.uk\\\/de\\\/blog\\\/besuchen-sie-malaga-im-september\\\/\"]}]},{\"@type\":\"ImageObject\",\"inLanguage\":\"de\",\"@id\":\"https:\\\/\\\/www.malagatransfer.co.uk\\\/de\\\/blog\\\/besuchen-sie-malaga-im-september\\\/#primaryimage\",\"url\":\"https:\\\/\\\/www.malagatransfer.co.uk\\\/de\\\/blog\\\/wp-content\\\/uploads\\\/2021\\\/09\\\/malaga-im-september.jpg\",\"contentUrl\":\"https:\\\/\\\/www.malagatransfer.co.uk\\\/de\\\/blog\\\/wp-content\\\/uploads\\\/2021\\\/09\\\/malaga-im-september.jpg\",\"width\":1200,\"height\":470,\"caption\":\"Malaga im September\"},{\"@type\":\"BreadcrumbList\",\"@id\":\"https:\\\/\\\/www.malagatransfer.co.uk\\\/de\\\/blog\\\/besuchen-sie-malaga-im-september\\\/#breadcrumb\",\"itemListElement\":[{\"@type\":\"ListItem\",\"position\":1,\"name\":\"Home\",\"item\":\"https:\\\/\\\/www.malagatransfer.co.uk\\\/de\\\/blog\\\/\"},{\"@type\":\"ListItem\",\"position\":2,\"name\":\"M\u00e1laga im September: Top-Aktivit\u00e4ten, Volksfesten und Reisetipps\"}]},{\"@type\":\"WebSite\",\"@id\":\"https:\\\/\\\/www.malagatransfer.co.uk\\\/de\\\/blog\\\/#website\",\"url\":\"https:\\\/\\\/www.malagatransfer.co.uk\\\/de\\\/blog\\\/\",\"name\":\"Malaga Transfer Blog\",\"description\":\"Der offizielle Blog von Malaga Transfer\",\"publisher\":{\"@id\":\"https:\\\/\\\/www.malagatransfer.co.uk\\\/de\\\/blog\\\/#organization\"},\"potentialAction\":[{\"@type\":\"SearchAction\",\"target\":{\"@type\":\"EntryPoint\",\"urlTemplate\":\"https:\\\/\\\/www.malagatransfer.co.uk\\\/de\\\/blog\\\/?s={search_term_string}\"},\"query-input\":{\"@type\":\"PropertyValueSpecification\",\"valueRequired\":true,\"valueName\":\"search_term_string\"}}],\"inLanguage\":\"de\"},{\"@type\":\"Organization\",\"@id\":\"https:\\\/\\\/www.malagatransfer.co.uk\\\/de\\\/blog\\\/#organization\",\"name\":\"Malaga Transfer\",\"url\":\"https:\\\/\\\/www.malagatransfer.co.uk\\\/de\\\/blog\\\/\",\"logo\":{\"@type\":\"ImageObject\",\"inLanguage\":\"de\",\"@id\":\"https:\\\/\\\/www.malagatransfer.co.uk\\\/de\\\/blog\\\/#\\\/schema\\\/logo\\\/image\\\/\",\"url\":\"https:\\\/\\\/www.malagatransfer.co.uk\\\/de\\\/blog\\\/wp-content\\\/uploads\\\/2022\\\/09\\\/malagatransfer_logo.png\",\"contentUrl\":\"https:\\\/\\\/www.malagatransfer.co.uk\\\/de\\\/blog\\\/wp-content\\\/uploads\\\/2022\\\/09\\\/malagatransfer_logo.png\",\"width\":432,\"height\":432,\"caption\":\"Malaga Transfer\"},\"image\":{\"@id\":\"https:\\\/\\\/www.malagatransfer.co.uk\\\/de\\\/blog\\\/#\\\/schema\\\/logo\\\/image\\\/\"},\"sameAs\":[\"https:\\\/\\\/www.facebook.com\\\/Malagatransfer\\\/\",\"https:\\\/\\\/x.com\\\/Mlgtransfer\"]},{\"@type\":\"Person\",\"@id\":\"https:\\\/\\\/www.malagatransfer.co.uk\\\/de\\\/blog\\\/#\\\/schema\\\/person\\\/3802fd82e156b86c43d16066f51f5103\",\"name\":\"malagatransfer\",\"image\":{\"@type\":\"ImageObject\",\"inLanguage\":\"de\",\"@id\":\"https:\\\/\\\/secure.gravatar.com\\\/avatar\\\/13ffa93f3e7839753bde9745a9d81e6fedfae2225c0b952fb96c99cb59851a23?s=96&d=mm&r=g\",\"url\":\"https:\\\/\\\/secure.gravatar.com\\\/avatar\\\/13ffa93f3e7839753bde9745a9d81e6fedfae2225c0b952fb96c99cb59851a23?s=96&d=mm&r=g\",\"contentUrl\":\"https:\\\/\\\/secure.gravatar.com\\\/avatar\\\/13ffa93f3e7839753bde9745a9d81e6fedfae2225c0b952fb96c99cb59851a23?s=96&d=mm&r=g\",\"caption\":\"malagatransfer\"}}]}<\/script>\n<!-- \/ Yoast SEO plugin. -->","yoast_head_json":{"title":"M\u00e1laga im September: Top-Aktivit\u00e4ten, Volksfesten und Reisetipps","description":"Sie einen Besuch in M\u00e1laga im September? Dann hilft Ihnen dieser Reisef\u00fchrer mit Informationen \u00fcber das Wetter, Volksfeste und Aktivit\u00e4ten.","robots":{"index":"index","follow":"follow","max-snippet":"max-snippet:-1","max-image-preview":"max-image-preview:large","max-video-preview":"max-video-preview:-1"},"canonical":"https:\/\/www.malagatransfer.co.uk\/de\/blog\/besuchen-sie-malaga-im-september\/","og_locale":"de_DE","og_type":"article","og_title":"M\u00e1laga im September: Top-Aktivit\u00e4ten, Volksfesten und Reisetipps","og_description":"Sie einen Besuch in M\u00e1laga im September? Dann hilft Ihnen dieser Reisef\u00fchrer mit Informationen \u00fcber das Wetter, Volksfeste und Aktivit\u00e4ten.","og_url":"https:\/\/www.malagatransfer.co.uk\/de\/blog\/besuchen-sie-malaga-im-september\/","og_site_name":"Malaga Transfer Blog","article_publisher":"https:\/\/www.facebook.com\/Malagatransfer\/","article_published_time":"2026-09-01T07:52:19+00:00","article_modified_time":"2026-09-02T12:10:08+00:00","og_image":[{"width":1200,"height":470,"url":"https:\/\/www.malagatransfer.co.uk\/de\/blog\/wp-content\/uploads\/2021\/09\/malaga-im-september.jpg","type":"image\/jpeg"}],"author":"malagatransfer","twitter_misc":{"Verfasst von":"malagatransfer","Gesch\u00e4tzte Lesezeit":"9\u00a0Minuten"},"schema":{"@context":"https:\/\/schema.org","@graph":[{"@type":"Article","@id":"https:\/\/www.malagatransfer.co.uk\/de\/blog\/besuchen-sie-malaga-im-september\/#article","isPartOf":{"@id":"https:\/\/www.malagatransfer.co.uk\/de\/blog\/besuchen-sie-malaga-im-september\/"},"author":{"name":"malagatransfer","@id":"https:\/\/www.malagatransfer.co.uk\/de\/blog\/#\/schema\/person\/3802fd82e156b86c43d16066f51f5103"},"headline":"M\u00e1laga im September: Top-Aktivit\u00e4ten, Volksfesten und Reisetipps","datePublished":"2026-09-01T07:52:19+00:00","dateModified":"2026-09-02T12:10:08+00:00","mainEntityOfPage":{"@id":"https:\/\/www.malagatransfer.co.uk\/de\/blog\/besuchen-sie-malaga-im-september\/"},"wordCount":1197,"commentCount":0,"publisher":{"@id":"https:\/\/www.malagatransfer.co.uk\/de\/blog\/#organization"},"image":{"@id":"https:\/\/www.malagatransfer.co.uk\/de\/blog\/besuchen-sie-malaga-im-september\/#primaryimage"},"thumbnailUrl":"https:\/\/www.malagatransfer.co.uk\/de\/blog\/wp-content\/uploads\/2021\/09\/malaga-im-september.jpg","keywords":["Aktivit\u00e4ten","M\u00e1laga","September"],"articleSection":["Tipps"],"inLanguage":"de","potentialAction":[{"@type":"CommentAction","name":"Comment","target":["https:\/\/www.malagatransfer.co.uk\/de\/blog\/besuchen-sie-malaga-im-september\/#respond"]}]},{"@type":"WebPage","@id":"https:\/\/www.malagatransfer.co.uk\/de\/blog\/besuchen-sie-malaga-im-september\/","url":"https:\/\/www.malagatransfer.co.uk\/de\/blog\/besuchen-sie-malaga-im-september\/","name":"M\u00e1laga im September: Top-Aktivit\u00e4ten, Volksfesten und Reisetipps","isPartOf":{"@id":"https:\/\/www.malagatransfer.co.uk\/de\/blog\/#website"},"primaryImageOfPage":{"@id":"https:\/\/www.malagatransfer.co.uk\/de\/blog\/besuchen-sie-malaga-im-september\/#primaryimage"},"image":{"@id":"https:\/\/www.malagatransfer.co.uk\/de\/blog\/besuchen-sie-malaga-im-september\/#primaryimage"},"thumbnailUrl":"https:\/\/www.malagatransfer.co.uk\/de\/blog\/wp-content\/uploads\/2021\/09\/malaga-im-september.jpg","datePublished":"2026-09-01T07:52:19+00:00","dateModified":"2026-09-02T12:10:08+00:00","description":"Sie einen Besuch in M\u00e1laga im September? Dann hilft Ihnen dieser Reisef\u00fchrer mit Informationen \u00fcber das Wetter, Volksfeste und Aktivit\u00e4ten.","breadcrumb":{"@id":"https:\/\/www.malagatransfer.co.uk\/de\/blog\/besuchen-sie-malaga-im-september\/#breadcrumb"},"inLanguage":"de","potentialAction":[{"@type":"ReadAction","target":["https:\/\/www.malagatransfer.co.uk\/de\/blog\/besuchen-sie-malaga-im-september\/"]}]},{"@type":"ImageObject","inLanguage":"de","@id":"https:\/\/www.malagatransfer.co.uk\/de\/blog\/besuchen-sie-malaga-im-september\/#primaryimage","url":"https:\/\/www.malagatransfer.co.uk\/de\/blog\/wp-content\/uploads\/2021\/09\/malaga-im-september.jpg","contentUrl":"https:\/\/www.malagatransfer.co.uk\/de\/blog\/wp-content\/uploads\/2021\/09\/malaga-im-september.jpg","width":1200,"height":470,"caption":"Malaga im September"},{"@type":"BreadcrumbList","@id":"https:\/\/www.malagatransfer.co.uk\/de\/blog\/besuchen-sie-malaga-im-september\/#breadcrumb","itemListElement":[{"@type":"ListItem","position":1,"name":"Home","item":"https:\/\/www.malagatransfer.co.uk\/de\/blog\/"},{"@type":"ListItem","position":2,"name":"M\u00e1laga im September: Top-Aktivit\u00e4ten, Volksfesten und Reisetipps"}]},{"@type":"WebSite","@id":"https:\/\/www.malagatransfer.co.uk\/de\/blog\/#website","url":"https:\/\/www.malagatransfer.co.uk\/de\/blog\/","name":"Malaga Transfer Blog","description":"Der offizielle Blog von Malaga Transfer","publisher":{"@id":"https:\/\/www.malagatransfer.co.uk\/de\/blog\/#organization"},"potentialAction":[{"@type":"SearchAction","target":{"@type":"EntryPoint","urlTemplate":"https:\/\/www.malagatransfer.co.uk\/de\/blog\/?s={search_term_string}"},"query-input":{"@type":"PropertyValueSpecification","valueRequired":true,"valueName":"search_term_string"}}],"inLanguage":"de"},{"@type":"Organization","@id":"https:\/\/www.malagatransfer.co.uk\/de\/blog\/#organization","name":"Malaga Transfer","url":"https:\/\/www.malagatransfer.co.uk\/de\/blog\/","logo":{"@type":"ImageObject","inLanguage":"de","@id":"https:\/\/www.malagatransfer.co.uk\/de\/blog\/#\/schema\/logo\/image\/","url":"https:\/\/www.malagatransfer.co.uk\/de\/blog\/wp-content\/uploads\/2022\/09\/malagatransfer_logo.png","contentUrl":"https:\/\/www.malagatransfer.co.uk\/de\/blog\/wp-content\/uploads\/2022\/09\/malagatransfer_logo.png","width":432,"height":432,"caption":"Malaga Transfer"},"image":{"@id":"https:\/\/www.malagatransfer.co.uk\/de\/blog\/#\/schema\/logo\/image\/"},"sameAs":["https:\/\/www.facebook.com\/Malagatransfer\/","https:\/\/x.com\/Mlgtransfer"]},{"@type":"Person","@id":"https:\/\/www.malagatransfer.co.uk\/de\/blog\/#\/schema\/person\/3802fd82e156b86c43d16066f51f5103","name":"malagatransfer","image":{"@type":"ImageObject","inLanguage":"de","@id":"https:\/\/secure.gravatar.com\/avatar\/13ffa93f3e7839753bde9745a9d81e6fedfae2225c0b952fb96c99cb59851a23?s=96&d=mm&r=g","url":"https:\/\/secure.gravatar.com\/avatar\/13ffa93f3e7839753bde9745a9d81e6fedfae2225c0b952fb96c99cb59851a23?s=96&d=mm&r=g","contentUrl":"https:\/\/secure.gravatar.com\/avatar\/13ffa93f3e7839753bde9745a9d81e6fedfae2225c0b952fb96c99cb59851a23?s=96&d=mm&r=g","caption":"malagatransfer"}}]}},"_links":{"self":[{"href":"https:\/\/www.malagatransfer.co.uk\/de\/blog\/wp-json\/wp\/v2\/posts\/602","targetHints":{"allow":["GET"]}}],"collection":[{"href":"https:\/\/www.malagatransfer.co.uk\/de\/blog\/wp-json\/wp\/v2\/posts"}],"about":[{"href":"https:\/\/www.malagatransfer.co.uk\/de\/blog\/wp-json\/wp\/v2\/types\/post"}],"author":[{"embeddable":true,"href":"https:\/\/www.malagatransfer.co.uk\/de\/blog\/wp-json\/wp\/v2\/users\/1"}],"replies":[{"embeddable":true,"href":"https:\/\/www.malagatransfer.co.uk\/de\/blog\/wp-json\/wp\/v2\/comments?post=602"}],"version-history":[{"count":10,"href":"https:\/\/www.malagatransfer.co.uk\/de\/blog\/wp-json\/wp\/v2\/posts\/602\/revisions"}],"predecessor-version":[{"id":1380,"href":"https:\/\/www.malagatransfer.co.uk\/de\/blog\/wp-json\/wp\/v2\/posts\/602\/revisions\/1380"}],"wp:featuredmedia":[{"embeddable":true,"href":"https:\/\/www.malagatransfer.co.uk\/de\/blog\/wp-json\/wp\/v2\/media\/603"}],"wp:attachment":[{"href":"https:\/\/www.malagatransfer.co.uk\/de\/blog\/wp-json\/wp\/v2\/media?parent=602"}],"wp:term":[{"taxonomy":"category","embeddable":true,"href":"https:\/\/www.malagatransfer.co.uk\/de\/blog\/wp-json\/wp\/v2\/categories?post=602"},{"taxonomy":"post_tag","embeddable":true,"href":"https:\/\/www.malagatransfer.co.uk\/de\/blog\/wp-json\/wp\/v2\/tags?post=602"}],"curies":[{"name":"wp","href":"https:\/\/api.w.org\/{rel}","templated":true}]}}